

{"id":13230,"date":"2021-06-22T15:40:20","date_gmt":"2021-06-22T13:40:20","guid":{"rendered":"https:\/\/www.darksky.ch\/dsx\/?p=13230"},"modified":"2022-01-08T14:28:28","modified_gmt":"2022-01-08T13:28:28","slug":"international-dark-sky-association-lobt-fotowettbewerb-in-acht-kategorien-aus-deadline-23-juli","status":"publish","type":"post","link":"https:\/\/www.darksky.ch\/dss\/de\/2021\/06\/international-dark-sky-association-lobt-fotowettbewerb-in-acht-kategorien-aus-deadline-23-juli\/","title":{"rendered":"International Dark-Sky Association lobt Fotowettbewerb in acht Kategorien aus: Deadline 23. Juli"},"content":{"rendered":"<p>Capture the Dark,\u00a0\u00abFang die Dunkelheit ein!\u00bb lautet das diesj\u00e4hrige Motto des Wettbewerbs, der sich an alle Fotografen da draussen richtet.<br \/>\nDie Aktion l\u00e4uft seit gestern und endet in einem Monat.<\/p>\n<p>Wer mitmachen m\u00f6chte, sollte die englische Sprache verstehen. Pro Person und Kategorie darf nur ein einziges Bild eingereicht werden.<\/p>\n<p>Wir w\u00fcnschen Interessierten viel Gl\u00fcck beim Mitmachen.<\/p>\n<p>Die Details finden sich alle bei der IDA:&lt;<a href=\"https:\/\/www.darksky.org\/capturethedark\/\" target=\"_blank\" rel=\"noopener\">https:\/\/www.darksky.org\/capturethedark\/<\/a>&gt;<\/p>\n<p>&nbsp;<\/p>\n","protected":false},"excerpt":{"rendered":"<p>Capture the Dark,\u00a0\u00abFang die Dunkelheit ein!\u00bb lautet das diesj\u00e4hrige Motto des Wettbewerbs, der sich an alle Fotografen da draussen richtet. Die Aktion l\u00e4uft seit gestern und endet in einem Monat. Wer mitmachen m\u00f6chte, sollte die englische Sprache verstehen. Pro Person und Kategorie darf nur ein einziges Bild eingereicht werden. Wir w\u00fcnschen Interessierten viel Gl\u00fcck beim &hellip; <a href=\"https:\/\/www.darksky.ch\/dss\/de\/2021\/06\/international-dark-sky-association-lobt-fotowettbewerb-in-acht-kategorien-aus-deadline-23-juli\/\" class=\"more-link\">Continue reading<span class=\"screen-reader-text\"> &#8222;International Dark-Sky Association lobt Fotowettbewerb in acht Kategorien aus: Deadline 23. Juli&#8220;<\/span><\/a><\/p>\n","protected":false},"author":2,"featured_media":0,"comment_status":"closed","ping_status":"open","sticky":false,"template":"","format":"standard","meta":{"_acf_changed":false,"footnotes":""},"categories":[14],"tags":[],"class_list":["post-13230","post","type-post","status-publish","format-standard","hentry","category-anlass"],"acf":[],"_links":{"self":[{"href":"https:\/\/www.darksky.ch\/dss\/de\/wp-json\/wp\/v2\/posts\/13230","targetHints":{"allow":["GET"]}}],"collection":[{"href":"https:\/\/www.darksky.ch\/dss\/de\/wp-json\/wp\/v2\/posts"}],"about":[{"href":"https:\/\/www.darksky.ch\/dss\/de\/wp-json\/wp\/v2\/types\/post"}],"author":[{"embeddable":true,"href":"https:\/\/www.darksky.ch\/dss\/de\/wp-json\/wp\/v2\/users\/2"}],"replies":[{"embeddable":true,"href":"https:\/\/www.darksky.ch\/dss\/de\/wp-json\/wp\/v2\/comments?post=13230"}],"version-history":[{"count":1,"href":"https:\/\/www.darksky.ch\/dss\/de\/wp-json\/wp\/v2\/posts\/13230\/revisions"}],"predecessor-version":[{"id":13231,"href":"https:\/\/www.darksky.ch\/dss\/de\/wp-json\/wp\/v2\/posts\/13230\/revisions\/13231"}],"wp:attachment":[{"href":"https:\/\/www.darksky.ch\/dss\/de\/wp-json\/wp\/v2\/media?parent=13230"}],"wp:term":[{"taxonomy":"category","embeddable":true,"href":"https:\/\/www.darksky.ch\/dss\/de\/wp-json\/wp\/v2\/categories?post=13230"},{"taxonomy":"post_tag","embeddable":true,"href":"https:\/\/www.darksky.ch\/dss\/de\/wp-json\/wp\/v2\/tags?post=13230"}],"curies":[{"name":"wp","href":"https:\/\/api.w.org\/{rel}","templated":true}]}}