

{"id":13885,"date":"2022-09-20T18:46:50","date_gmt":"2022-09-20T16:46:50","guid":{"rendered":"https:\/\/www.darksky.ch\/dsx\/?p=13885"},"modified":"2023-02-18T14:37:45","modified_gmt":"2023-02-18T13:37:45","slug":"tagesanzeiger-glattzentrum-verzichtet-komplett-auf-die-weihnachtsbeleuchtung","status":"publish","type":"post","link":"https:\/\/www.darksky.ch\/dss\/de\/2022\/09\/tagesanzeiger-glattzentrum-verzichtet-komplett-auf-die-weihnachtsbeleuchtung\/","title":{"rendered":"Tagesanzeiger \u2013 Glattzentrum verzichtet komplett auf die Weihnachtsbeleuchtung"},"content":{"rendered":"<p class=\"ContentHead_lead__zVmJZ link_regular__Cy8JS link_externalicon-big__uqzSW link_externalicon__Me6bM\"><span class=\"HtmlText_root__3vQQX\">Um Strom zu sparen, bleibt das prominente Hochhaus an der Autobahn im Advent dunkel. Andere Einkaufszentren machen das noch nicht freiwillig.\u00a0<\/span><\/p>\n<p class=\"ArticleParagraph_root__gWE5H ArticleContainer_content-width__wrYKM link_focus__VbC8t link_externalicon-big__uqzSW link_externalicon__Me6bM\"><span class=\"HtmlText_root__3vQQX\">\u00abJede Kilowattstunde Strom, die wir nicht brauchen, bleibt f\u00fcr die Allgemeinheit \u00fcbrig\u00bb, sagt Rageth Clavadetscher. Der Gesch\u00e4ftsf\u00fchrer des Glattzentrums begr\u00fcndet so den Entscheid,\u00a0welcher vom Verwaltungsrat abgesegnet wurde: Der Glatt Tower wird in dieser Weihnachtszeit nicht im \u00fcblichen Lichtermantel erstrahlen.\u00a0\u00abWir wollen ein Zeichen setzen\u00bb, so Clavadetscher.\u00a0<\/span><\/p>\n<div id=\"inside-full-content-pos1-desktop\" class=\"Ad_root__3JT2w Ad_-ad-inside__5dcao Ad_-inside-full-content-pos1-desktop__ZMk3f Ad_-ad-inside-content__Vh6LN adunit\"><em>Dark-Sky Switzerland: Angesichts der <a href=\"https:\/\/www.darksky.ch\/dss\/de\/2015\/01\/aufhellung-des-nachthimmels-durch-weihnachtsbeleuchtung\/\">Lichtzunahme der letzten Jahre<\/a> wird das ein Segen f\u00fcr die Vogelwelt.<\/em><\/div>\n","protected":false},"excerpt":{"rendered":"<p>Um Strom zu sparen, bleibt das prominente Hochhaus an der Autobahn im Advent dunkel. Andere Einkaufszentren machen das noch nicht freiwillig.\u00a0 \u00abJede Kilowattstunde Strom, die wir nicht brauchen, bleibt f\u00fcr die Allgemeinheit \u00fcbrig\u00bb, sagt Rageth Clavadetscher. Der Gesch\u00e4ftsf\u00fchrer des Glattzentrums begr\u00fcndet so den Entscheid,\u00a0welcher vom Verwaltungsrat abgesegnet wurde: Der Glatt Tower wird in dieser Weihnachtszeit &hellip; <a href=\"https:\/\/www.darksky.ch\/dss\/de\/2022\/09\/tagesanzeiger-glattzentrum-verzichtet-komplett-auf-die-weihnachtsbeleuchtung\/\" class=\"more-link\">Continue reading<span class=\"screen-reader-text\"> &#8222;Tagesanzeiger \u2013 Glattzentrum verzichtet komplett auf die Weihnachtsbeleuchtung&#8220;<\/span><\/a><\/p>\n","protected":false},"author":2,"featured_media":0,"comment_status":"closed","ping_status":"open","sticky":false,"template":"","format":"aside","meta":{"_acf_changed":false,"footnotes":""},"categories":[34,30],"tags":[],"class_list":["post-13885","post","type-post","status-publish","format-aside","hentry","category-medien","category-wissen","post_format-post-format-aside"],"acf":[],"_links":{"self":[{"href":"https:\/\/www.darksky.ch\/dss\/de\/wp-json\/wp\/v2\/posts\/13885","targetHints":{"allow":["GET"]}}],"collection":[{"href":"https:\/\/www.darksky.ch\/dss\/de\/wp-json\/wp\/v2\/posts"}],"about":[{"href":"https:\/\/www.darksky.ch\/dss\/de\/wp-json\/wp\/v2\/types\/post"}],"author":[{"embeddable":true,"href":"https:\/\/www.darksky.ch\/dss\/de\/wp-json\/wp\/v2\/users\/2"}],"replies":[{"embeddable":true,"href":"https:\/\/www.darksky.ch\/dss\/de\/wp-json\/wp\/v2\/comments?post=13885"}],"version-history":[{"count":1,"href":"https:\/\/www.darksky.ch\/dss\/de\/wp-json\/wp\/v2\/posts\/13885\/revisions"}],"predecessor-version":[{"id":13886,"href":"https:\/\/www.darksky.ch\/dss\/de\/wp-json\/wp\/v2\/posts\/13885\/revisions\/13886"}],"wp:attachment":[{"href":"https:\/\/www.darksky.ch\/dss\/de\/wp-json\/wp\/v2\/media?parent=13885"}],"wp:term":[{"taxonomy":"category","embeddable":true,"href":"https:\/\/www.darksky.ch\/dss\/de\/wp-json\/wp\/v2\/categories?post=13885"},{"taxonomy":"post_tag","embeddable":true,"href":"https:\/\/www.darksky.ch\/dss\/de\/wp-json\/wp\/v2\/tags?post=13885"}],"curies":[{"name":"wp","href":"https:\/\/api.w.org\/{rel}","templated":true}]}}