

{"id":13990,"date":"2023-01-18T19:06:20","date_gmt":"2023-01-18T18:06:20","guid":{"rendered":"https:\/\/www.darksky.ch\/dsx\/?p=13990"},"modified":"2023-02-18T16:08:12","modified_gmt":"2023-02-18T15:08:12","slug":"20minuten-jetzt-muss-man-ploetzlich-keinen-strom-sparen-lichtfestival-sorgt-fuer-aerger","status":"publish","type":"post","link":"https:\/\/www.darksky.ch\/dss\/de\/2023\/01\/20minuten-jetzt-muss-man-ploetzlich-keinen-strom-sparen-lichtfestival-sorgt-fuer-aerger\/","title":{"rendered":"20Minuten \u2013 \u00abJetzt muss man pl\u00f6tzlich keinen Strom sparen\u00bb \u2013 Lichtfestival sorgt f\u00fcr \u00c4rger"},"content":{"rendered":"<p>Die Luzerner Bev\u00f6lkerung ist irritiert. Man solle Strom sparen und auf die Weihnachtsbeleuchtung verzichten, hiess es vor wenigen Monaten von der Regierung. Nun wird w\u00e4hrend zehn Tagen beim Lilu-Lichtfestival\u00a0z\u00fcnftig Strom verbraucht.<\/p>\n<p>\u00bb <a href=\"https:\/\/www.20min.ch\/story\/jetzt-muss-man-ploetzlich-keinen-strom-sparen-lichtfestival-sorgt-fuer-aerger-157182041524\" target=\"_blank\" rel=\"noopener\">\u00abJetzt muss man pl\u00f6tzlich keinen Strom sparen\u00bb \u2013 Lichtfestival sorgt f\u00fcr \u00c4rger<\/a><\/p>\n<p>&nbsp;<\/p>\n","protected":false},"excerpt":{"rendered":"<p>Die Luzerner Bev\u00f6lkerung ist irritiert. Man solle Strom sparen und auf die Weihnachtsbeleuchtung verzichten, hiess es vor wenigen Monaten von der Regierung. Nun wird w\u00e4hrend zehn Tagen beim Lilu-Lichtfestival\u00a0z\u00fcnftig Strom verbraucht. \u00bb \u00abJetzt muss man pl\u00f6tzlich keinen Strom sparen\u00bb \u2013 Lichtfestival sorgt f\u00fcr \u00c4rger &nbsp;<\/p>\n","protected":false},"author":2,"featured_media":0,"comment_status":"closed","ping_status":"open","sticky":false,"template":"","format":"aside","meta":{"_acf_changed":false,"footnotes":""},"categories":[34,30],"tags":[],"class_list":["post-13990","post","type-post","status-publish","format-aside","hentry","category-medien","category-wissen","post_format-post-format-aside"],"acf":[],"_links":{"self":[{"href":"https:\/\/www.darksky.ch\/dss\/de\/wp-json\/wp\/v2\/posts\/13990","targetHints":{"allow":["GET"]}}],"collection":[{"href":"https:\/\/www.darksky.ch\/dss\/de\/wp-json\/wp\/v2\/posts"}],"about":[{"href":"https:\/\/www.darksky.ch\/dss\/de\/wp-json\/wp\/v2\/types\/post"}],"author":[{"embeddable":true,"href":"https:\/\/www.darksky.ch\/dss\/de\/wp-json\/wp\/v2\/users\/2"}],"replies":[{"embeddable":true,"href":"https:\/\/www.darksky.ch\/dss\/de\/wp-json\/wp\/v2\/comments?post=13990"}],"version-history":[{"count":1,"href":"https:\/\/www.darksky.ch\/dss\/de\/wp-json\/wp\/v2\/posts\/13990\/revisions"}],"predecessor-version":[{"id":13991,"href":"https:\/\/www.darksky.ch\/dss\/de\/wp-json\/wp\/v2\/posts\/13990\/revisions\/13991"}],"wp:attachment":[{"href":"https:\/\/www.darksky.ch\/dss\/de\/wp-json\/wp\/v2\/media?parent=13990"}],"wp:term":[{"taxonomy":"category","embeddable":true,"href":"https:\/\/www.darksky.ch\/dss\/de\/wp-json\/wp\/v2\/categories?post=13990"},{"taxonomy":"post_tag","embeddable":true,"href":"https:\/\/www.darksky.ch\/dss\/de\/wp-json\/wp\/v2\/tags?post=13990"}],"curies":[{"name":"wp","href":"https:\/\/api.w.org\/{rel}","templated":true}]}}