

{"id":14198,"date":"2023-11-19T17:29:15","date_gmt":"2023-11-19T16:29:15","guid":{"rendered":"https:\/\/www.darksky.ch\/dsx\/?p=14198"},"modified":"2024-12-04T14:40:12","modified_gmt":"2024-12-04T13:40:12","slug":"petition-die-politik-in-thurnen-wehrt-sich-gegen-laerm-und-licht-am-bahnhof-im-naturpark","status":"publish","type":"post","link":"https:\/\/www.darksky.ch\/dss\/de\/2023\/11\/petition-die-politik-in-thurnen-wehrt-sich-gegen-laerm-und-licht-am-bahnhof-im-naturpark\/","title":{"rendered":"Petition \u2013 Die Politik in Thurnen wehrt sich gegen L\u00e4rm und Licht am Bahnhof im Naturpark"},"content":{"rendered":"<h2><strong>Projekt Bahnhof Thurnen &#8211; Petition<\/strong><\/h2>\n<p>Mehrere Einsprachen sind letzten Sommer von Naturschutzverb\u00e4nden eingegangen.\u00a0<span lang=\"DE\">Das Hauptaugenmerk lag dabei sp\u00fcrbar auf dem geplanten Neubau einer Rangier- und Abstellgleisanlage im s\u00fcdlichen Dorfteil.<\/span><\/p>\n<div><span lang=\"DE\"><a href=\"https:\/\/www.darksky.ch\/dss\/wp-content\/uploads\/2023\/11\/QR-Code-Thurnen.png\"><img loading=\"lazy\" decoding=\"async\" class=\"alignright size-thumbnail wp-image-14100\" src=\"https:\/\/www.darksky.ch\/dss\/wp-content\/uploads\/2023\/11\/QR-Code-Thurnen-150x150.png\" alt=\"\" width=\"150\" height=\"150\" \/><\/a>Auch das \u00abPolitische Thurnen\u00bb wurde aktiv. Eine Arbeitsgruppe bestehend aus VertreterInnen von SVP, FDP, GLP, Gr\u00fcne und Parteilose W\u00e4hlerInnen kam zum Schluss, eine Petition zu lancieren. Die InitiantInnen m\u00f6chten nicht nur den Einspracheberechtigten, sondern allen B\u00fcrgerInnen die M\u00f6glichkeit bieten, ihre ablehnende Position kund zu tun.<\/span><\/div>\n<p><a href=\"https:\/\/www.darksky.ch\/dss\/wp-content\/uploads\/2023\/11\/Foto_Petition_V02.jpg\"><img loading=\"lazy\" decoding=\"async\" class=\"aligncenter size-full wp-image-14097\" src=\"https:\/\/www.darksky.ch\/dss\/wp-content\/uploads\/2023\/11\/Foto_Petition_V02.jpg\" alt=\"\" width=\"2417\" height=\"1000\" \/><\/a><b><span lang=\"DE\">Die Verh\u00e4ltnism\u00e4ssigkeit sei in Anbetracht des Kulturlandverlustes, der L\u00e4rm- und Lichtemissionen im Sternen-Park Gantrisch nicht gegeben.<\/span><\/b><span lang=\"DE\">\u00a0<\/span><\/p>\n<div>Weitere Informationen als PDF: <a href=\"https:\/\/www.darksky.ch\/dss\/wp-content\/uploads\/2023\/11\/Petition_final_mit-Logos.pdf\">Petition final mit Logos<\/a><\/div>\n<div>\n<div><span lang=\"DE\">Der Link zur Petition lautet:\u00a0<\/span><span lang=\"DE\"><a title=\"https:\/\/act.campax.org\/p\/bauzug-nein\" href=\"https:\/\/act.campax.org\/p\/bauzug-nein\">https:\/\/act.campax.org\/p\/bauzug-nein<\/a><\/span><u><\/u><\/div>\n<\/div>\n","protected":false},"excerpt":{"rendered":"<p>Projekt Bahnhof Thurnen &#8211; Petition Mehrere Einsprachen sind letzten Sommer von Naturschutzverb\u00e4nden eingegangen.\u00a0Das Hauptaugenmerk lag dabei sp\u00fcrbar auf dem geplanten Neubau einer Rangier- und Abstellgleisanlage im s\u00fcdlichen Dorfteil. Auch das \u00abPolitische Thurnen\u00bb wurde aktiv. Eine Arbeitsgruppe bestehend aus VertreterInnen von SVP, FDP, GLP, Gr\u00fcne und Parteilose W\u00e4hlerInnen kam zum Schluss, eine Petition zu lancieren. Die &hellip; <a href=\"https:\/\/www.darksky.ch\/dss\/de\/2023\/11\/petition-die-politik-in-thurnen-wehrt-sich-gegen-laerm-und-licht-am-bahnhof-im-naturpark\/\" class=\"more-link\">Continue reading<span class=\"screen-reader-text\"> &#8222;Petition \u2013 Die Politik in Thurnen wehrt sich gegen L\u00e4rm und Licht am Bahnhof im Naturpark&#8220;<\/span><\/a><\/p>\n","protected":false},"author":2,"featured_media":0,"comment_status":"closed","ping_status":"open","sticky":false,"template":"","format":"standard","meta":{"_acf_changed":false,"footnotes":""},"categories":[26,30],"tags":[],"class_list":["post-14198","post","type-post","status-publish","format-standard","hentry","category-politische-vorstoesse","category-wissen"],"acf":[],"_links":{"self":[{"href":"https:\/\/www.darksky.ch\/dss\/de\/wp-json\/wp\/v2\/posts\/14198","targetHints":{"allow":["GET"]}}],"collection":[{"href":"https:\/\/www.darksky.ch\/dss\/de\/wp-json\/wp\/v2\/posts"}],"about":[{"href":"https:\/\/www.darksky.ch\/dss\/de\/wp-json\/wp\/v2\/types\/post"}],"author":[{"embeddable":true,"href":"https:\/\/www.darksky.ch\/dss\/de\/wp-json\/wp\/v2\/users\/2"}],"replies":[{"embeddable":true,"href":"https:\/\/www.darksky.ch\/dss\/de\/wp-json\/wp\/v2\/comments?post=14198"}],"version-history":[{"count":1,"href":"https:\/\/www.darksky.ch\/dss\/de\/wp-json\/wp\/v2\/posts\/14198\/revisions"}],"predecessor-version":[{"id":14199,"href":"https:\/\/www.darksky.ch\/dss\/de\/wp-json\/wp\/v2\/posts\/14198\/revisions\/14199"}],"wp:attachment":[{"href":"https:\/\/www.darksky.ch\/dss\/de\/wp-json\/wp\/v2\/media?parent=14198"}],"wp:term":[{"taxonomy":"category","embeddable":true,"href":"https:\/\/www.darksky.ch\/dss\/de\/wp-json\/wp\/v2\/categories?post=14198"},{"taxonomy":"post_tag","embeddable":true,"href":"https:\/\/www.darksky.ch\/dss\/de\/wp-json\/wp\/v2\/tags?post=14198"}],"curies":[{"name":"wp","href":"https:\/\/api.w.org\/{rel}","templated":true}]}}