

{"id":14279,"date":"2024-09-14T18:52:36","date_gmt":"2024-09-14T16:52:36","guid":{"rendered":"https:\/\/www.darksky.ch\/dsx\/?p=14279"},"modified":"2024-12-04T17:02:44","modified_gmt":"2024-12-04T16:02:44","slug":"t-online-forscher-finden-unerwarteten-risikofaktor-fuer-alzheimer","status":"publish","type":"post","link":"https:\/\/www.darksky.ch\/dss\/de\/2024\/09\/t-online-forscher-finden-unerwarteten-risikofaktor-fuer-alzheimer\/","title":{"rendered":"t-online \u2013 Forscher finden unerwarteten Risikofaktor f\u00fcr Alzheimer"},"content":{"rendered":"<p>Eine aktuelle Studie hat einen neuen Risikofaktor f\u00fcr Alzheimer entdeckt: n\u00e4chtliches Licht. Experten nennen einfache Massnahmen, um sich zu sch\u00fctzen.<\/p>\n<p>\u00bb <a href=\"https:\/\/www.t-online.de\/gesundheit\/aktuelles\/id_100487990\/alzheimer-studie-neuer-risikofaktor-betrifft-vor-allem-juengere.html\" target=\"_blank\" rel=\"noopener\">Forscher finden unerwarteten Risikofaktor f\u00fcr Alzheimer<\/a><\/p>\n<blockquote><p>Kommentar von DarkSky Switzerland: In der Schweiz gilt das Vorsorgeprinzip im Umweltschutzgesetz. Vorh\u00e4nge sollten die ultima ratio sein, wenn die Begrenzung an der Quelle bereits erfolgt ist, und es immer noch zu hell ist.<br \/>\nBetroffene Anwohner sollen sich bei der Wohn-Gemeinde beschweren, und die Verursacher in die Pflicht nehmen, damit das Licht an der Quelle reduziert, bzw. besser abgeschirmt wird.<\/p><\/blockquote>\n","protected":false},"excerpt":{"rendered":"<p>Eine aktuelle Studie hat einen neuen Risikofaktor f\u00fcr Alzheimer entdeckt: n\u00e4chtliches Licht. Experten nennen einfache Massnahmen, um sich zu sch\u00fctzen. \u00bb Forscher finden unerwarteten Risikofaktor f\u00fcr Alzheimer Kommentar von DarkSky Switzerland: In der Schweiz gilt das Vorsorgeprinzip im Umweltschutzgesetz. Vorh\u00e4nge sollten die ultima ratio sein, wenn die Begrenzung an der Quelle bereits erfolgt ist, und &hellip; <a href=\"https:\/\/www.darksky.ch\/dss\/de\/2024\/09\/t-online-forscher-finden-unerwarteten-risikofaktor-fuer-alzheimer\/\" class=\"more-link\">Continue reading<span class=\"screen-reader-text\"> &#8222;t-online \u2013 Forscher finden unerwarteten Risikofaktor f\u00fcr Alzheimer&#8220;<\/span><\/a><\/p>\n","protected":false},"author":2,"featured_media":0,"comment_status":"closed","ping_status":"open","sticky":false,"template":"","format":"standard","meta":{"_acf_changed":false,"footnotes":""},"categories":[34,30],"tags":[],"class_list":["post-14279","post","type-post","status-publish","format-standard","hentry","category-medien","category-wissen"],"acf":[],"_links":{"self":[{"href":"https:\/\/www.darksky.ch\/dss\/de\/wp-json\/wp\/v2\/posts\/14279","targetHints":{"allow":["GET"]}}],"collection":[{"href":"https:\/\/www.darksky.ch\/dss\/de\/wp-json\/wp\/v2\/posts"}],"about":[{"href":"https:\/\/www.darksky.ch\/dss\/de\/wp-json\/wp\/v2\/types\/post"}],"author":[{"embeddable":true,"href":"https:\/\/www.darksky.ch\/dss\/de\/wp-json\/wp\/v2\/users\/2"}],"replies":[{"embeddable":true,"href":"https:\/\/www.darksky.ch\/dss\/de\/wp-json\/wp\/v2\/comments?post=14279"}],"version-history":[{"count":1,"href":"https:\/\/www.darksky.ch\/dss\/de\/wp-json\/wp\/v2\/posts\/14279\/revisions"}],"predecessor-version":[{"id":14280,"href":"https:\/\/www.darksky.ch\/dss\/de\/wp-json\/wp\/v2\/posts\/14279\/revisions\/14280"}],"wp:attachment":[{"href":"https:\/\/www.darksky.ch\/dss\/de\/wp-json\/wp\/v2\/media?parent=14279"}],"wp:term":[{"taxonomy":"category","embeddable":true,"href":"https:\/\/www.darksky.ch\/dss\/de\/wp-json\/wp\/v2\/categories?post=14279"},{"taxonomy":"post_tag","embeddable":true,"href":"https:\/\/www.darksky.ch\/dss\/de\/wp-json\/wp\/v2\/tags?post=14279"}],"curies":[{"name":"wp","href":"https:\/\/api.w.org\/{rel}","templated":true}]}}