

{"id":2889,"date":"2012-03-21T10:00:43","date_gmt":"2012-03-21T09:00:43","guid":{"rendered":"http:\/\/www.darksky.ch\/dsx\/de\/?p=2889"},"modified":"2016-09-15T19:22:29","modified_gmt":"2016-09-15T17:22:29","slug":"generalversammlung-am-freitag-4-mai-2012","status":"publish","type":"post","link":"https:\/\/www.darksky.ch\/dss\/de\/2012\/03\/generalversammlung-am-freitag-4-mai-2012\/","title":{"rendered":"Generalversammlung am Freitag, 4. Mai 2012"},"content":{"rendered":"<p><img loading=\"lazy\" decoding=\"async\" class=\"alignright size-medium wp-image-2916\" src=\"http:\/\/www.darksky.ch\/dss\/wp-content\/uploads\/2012\/03\/2012_Swissotel-300x216.jpg\" alt=\"2012_swissotel\" width=\"300\" height=\"216\" srcset=\"https:\/\/www.darksky.ch\/dss\/wp-content\/uploads\/2012\/03\/2012_Swissotel-300x216.jpg 300w, https:\/\/www.darksky.ch\/dss\/wp-content\/uploads\/2012\/03\/2012_Swissotel.jpg 625w\" sizes=\"auto, (max-width: 300px) 85vw, 300px\" \/>Auf Freitag, 4. Mai 2012, 19.30 Uhr l\u00e4dt Dark-Sky Switzerland zur Generalversammlung ins Swiss\u00f4tel Z\u00fcrich-Oerlikon. Im Anschluss an die Generalversammlung (1. Etage) l\u00e4dt Dark-Sky Switzerland in die 17. Etage, wo die Teilnehmenden bei einem Ap\u00e9ro riche den Blick \u00fcber die Stadt schweifen lassen, sich vernetzen und austauschen k\u00f6nnen.<\/p>\n<p>Das Swiss\u00f4tel liegt direkt neben dem Bahnhof Z\u00fcrich-Oerlikon und ist bequem mit den \u00f6ffentlichen Verkehrsmitteln erreichbar.<\/p>\n","protected":false},"excerpt":{"rendered":"<p>Auf Freitag, 4. Mai 2012, 19.30 Uhr l\u00e4dt Dark-Sky Switzerland zur Generalversammlung ins Swiss\u00f4tel Z\u00fcrich-Oerlikon. Im Anschluss an die Generalversammlung (1. Etage) l\u00e4dt Dark-Sky Switzerland in die 17. Etage, wo die Teilnehmenden bei einem Ap\u00e9ro riche den Blick \u00fcber die Stadt schweifen lassen, sich vernetzen und austauschen k\u00f6nnen. Das Swiss\u00f4tel liegt direkt neben dem Bahnhof &hellip; <a href=\"https:\/\/www.darksky.ch\/dss\/de\/2012\/03\/generalversammlung-am-freitag-4-mai-2012\/\" class=\"more-link\">Continue reading<span class=\"screen-reader-text\"> &#8222;Generalversammlung am Freitag, 4. Mai 2012&#8220;<\/span><\/a><\/p>\n","protected":false},"author":2,"featured_media":0,"comment_status":"closed","ping_status":"open","sticky":false,"template":"","format":"aside","meta":{"_acf_changed":false,"footnotes":""},"categories":[8,13],"tags":[],"class_list":["post-2889","post","type-post","status-publish","format-aside","hentry","category-darksky_switzerland","category-mitgliederanlass","post_format-post-format-aside"],"acf":[],"_links":{"self":[{"href":"https:\/\/www.darksky.ch\/dss\/de\/wp-json\/wp\/v2\/posts\/2889","targetHints":{"allow":["GET"]}}],"collection":[{"href":"https:\/\/www.darksky.ch\/dss\/de\/wp-json\/wp\/v2\/posts"}],"about":[{"href":"https:\/\/www.darksky.ch\/dss\/de\/wp-json\/wp\/v2\/types\/post"}],"author":[{"embeddable":true,"href":"https:\/\/www.darksky.ch\/dss\/de\/wp-json\/wp\/v2\/users\/2"}],"replies":[{"embeddable":true,"href":"https:\/\/www.darksky.ch\/dss\/de\/wp-json\/wp\/v2\/comments?post=2889"}],"version-history":[{"count":2,"href":"https:\/\/www.darksky.ch\/dss\/de\/wp-json\/wp\/v2\/posts\/2889\/revisions"}],"predecessor-version":[{"id":2917,"href":"https:\/\/www.darksky.ch\/dss\/de\/wp-json\/wp\/v2\/posts\/2889\/revisions\/2917"}],"wp:attachment":[{"href":"https:\/\/www.darksky.ch\/dss\/de\/wp-json\/wp\/v2\/media?parent=2889"}],"wp:term":[{"taxonomy":"category","embeddable":true,"href":"https:\/\/www.darksky.ch\/dss\/de\/wp-json\/wp\/v2\/categories?post=2889"},{"taxonomy":"post_tag","embeddable":true,"href":"https:\/\/www.darksky.ch\/dss\/de\/wp-json\/wp\/v2\/tags?post=2889"}],"curies":[{"name":"wp","href":"https:\/\/api.w.org\/{rel}","templated":true}]}}