

{"id":3096,"date":"2015-03-18T09:49:47","date_gmt":"2015-03-18T08:49:47","guid":{"rendered":"http:\/\/www.darksky.ch\/dsx\/de\/?p=3096"},"modified":"2016-09-17T14:58:46","modified_gmt":"2016-09-17T12:58:46","slug":"lassen-wir-die-natur-in-ruhe-schlafen","status":"publish","type":"post","link":"https:\/\/www.darksky.ch\/dss\/de\/2015\/03\/lassen-wir-die-natur-in-ruhe-schlafen\/","title":{"rendered":"Lassen wir die Natur in Ruhe schlafen!"},"content":{"rendered":"<p><img loading=\"lazy\" decoding=\"async\" class=\"size-full wp-image-3103\" src=\"http:\/\/www.darksky.ch\/dss\/wp-content\/uploads\/2015\/03\/2015_Aiguille-de-la-tsa.jpg\" alt=\"Une illumination coloree est visible au sommet de la montagne &quot;aiguille de la Tza&quot; lors d'un test du &quot;Projet Etoile: 13 etoiles au sommet&quot; ce mardi soir 26 novembre 2013 a Arolla en Valais. Ce projet est un des projets qui vont marque les festivites des 200 ans de l'entree du Valais dans la Confederation Suisse en 2015. (KEYSTONE\/Jean-Christophe Bott)\" width=\"800\" height=\"533\" srcset=\"https:\/\/www.darksky.ch\/dss\/wp-content\/uploads\/2015\/03\/2015_Aiguille-de-la-tsa.jpg 800w, https:\/\/www.darksky.ch\/dss\/wp-content\/uploads\/2015\/03\/2015_Aiguille-de-la-tsa-300x200.jpg 300w\" sizes=\"auto, (max-width: 709px) 85vw, (max-width: 909px) 67vw, (max-width: 984px) 61vw, (max-width: 1362px) 45vw, 600px\" \/><\/p>\n<h3>Petition von Dark-Sky Switzerland \u00abZur Erhaltung der Nacht im Alpenraum\u00bb<\/h3>\n<p>Nach einiger H\u00e4ufung von Anl\u00e4ssen in den Alpen mit Lichtinszenierungen die weit \u00fcber das hinaus gehen, als was wir im Einklang mit der Natur empfinden, lanciert Dark-Sky die nachfolgende Petition zuhanden des Bundesrates.<\/p>\n<p>Die Unterschriftensammlung ist beendet. Vielen Dank alle Unterzeichnern. Weitere Informationen folgen.<\/p>\n<p>www.darksky.ch\/petition<\/p>\n<p>Die NZZ am Sonntag berichtete \u00fcber unsere Petition bereits am 27. April 2014:\u00a0<a href=\"http:\/\/www.darksky.ch\/dss\/de\/2014\/04\/nzz-am-sonntag-widerstand-gegen-lichtshow\/\">Widerstand gegen Lichtshow<\/a><\/p>\n<p>Nach nur drei Tagen wurden schon die ersten 1000 Unterschriften erreicht!<\/p>\n<p>Die Petition wurde am 10. Februar 2015 in Bern <strong>mit \u00fcber 5000 Unterschriften<\/strong> f\u00fcr Frau Bundesr\u00e4tin Doris Leuthard <strong>\u00fcberreicht.<\/strong><\/p>\n<p>Die Sammlung ist demnach beendet.<\/p>\n<p>Dark-Sky Switzerland erwartet die Stellungnahme.<\/p>\n<p>Das Wallis hat am 18. M\u00e4rz die Gipfel beleuchtet, diverse Medien berichteten.<\/p>\n<p>Der Bundesrat hat sich lange nicht dazu ge\u00e4ussert.<\/p>\n<p>Erst am 29. Mai 2015 erhielten wir via BAFU eine Antwort, welche f\u00fcr sich selber spricht und die wir deshalb ohne Kommentar ver\u00f6ffentlichen:<\/p>\n<p><a href=\"http:\/\/www.darksky.ch\/dss\/wp-content\/uploads\/2015\/03\/2015.05.29_UVEK_BAFU_Antwort_auf_Petition.pdf\">Antwort des BAFU<\/a><\/p>\n<p>Wir sind entt\u00e4uscht \u00fcber die Nonchalance von h\u00f6chster Stelle. Selbstverst\u00e4ndlich h\u00f6ren unsere Anstrengungen somit nicht auf, bis sich die Situation f\u00fcr die Umwelt verbessert.<\/p>\n<p>&nbsp;<\/p>\n","protected":false},"excerpt":{"rendered":"<p>Petition von Dark-Sky Switzerland \u00abZur Erhaltung der Nacht im Alpenraum\u00bb Nach einiger H\u00e4ufung von Anl\u00e4ssen in den Alpen mit Lichtinszenierungen die weit \u00fcber das hinaus gehen, als was wir im Einklang mit der Natur empfinden, lanciert Dark-Sky die nachfolgende Petition zuhanden des Bundesrates. Die Unterschriftensammlung ist beendet. Vielen Dank alle Unterzeichnern. Weitere Informationen folgen. www.darksky.ch\/petition &hellip; <a href=\"https:\/\/www.darksky.ch\/dss\/de\/2015\/03\/lassen-wir-die-natur-in-ruhe-schlafen\/\" class=\"more-link\">Continue reading<span class=\"screen-reader-text\"> &#8222;Lassen wir die Natur in Ruhe schlafen!&#8220;<\/span><\/a><\/p>\n","protected":false},"author":2,"featured_media":0,"comment_status":"closed","ping_status":"open","sticky":false,"template":"","format":"standard","meta":{"_acf_changed":false,"footnotes":""},"categories":[8,26,30],"tags":[],"class_list":["post-3096","post","type-post","status-publish","format-standard","hentry","category-darksky_switzerland","category-politische-vorstoesse","category-wissen"],"acf":[],"_links":{"self":[{"href":"https:\/\/www.darksky.ch\/dss\/de\/wp-json\/wp\/v2\/posts\/3096","targetHints":{"allow":["GET"]}}],"collection":[{"href":"https:\/\/www.darksky.ch\/dss\/de\/wp-json\/wp\/v2\/posts"}],"about":[{"href":"https:\/\/www.darksky.ch\/dss\/de\/wp-json\/wp\/v2\/types\/post"}],"author":[{"embeddable":true,"href":"https:\/\/www.darksky.ch\/dss\/de\/wp-json\/wp\/v2\/users\/2"}],"replies":[{"embeddable":true,"href":"https:\/\/www.darksky.ch\/dss\/de\/wp-json\/wp\/v2\/comments?post=3096"}],"version-history":[{"count":5,"href":"https:\/\/www.darksky.ch\/dss\/de\/wp-json\/wp\/v2\/posts\/3096\/revisions"}],"predecessor-version":[{"id":3104,"href":"https:\/\/www.darksky.ch\/dss\/de\/wp-json\/wp\/v2\/posts\/3096\/revisions\/3104"}],"wp:attachment":[{"href":"https:\/\/www.darksky.ch\/dss\/de\/wp-json\/wp\/v2\/media?parent=3096"}],"wp:term":[{"taxonomy":"category","embeddable":true,"href":"https:\/\/www.darksky.ch\/dss\/de\/wp-json\/wp\/v2\/categories?post=3096"},{"taxonomy":"post_tag","embeddable":true,"href":"https:\/\/www.darksky.ch\/dss\/de\/wp-json\/wp\/v2\/tags?post=3096"}],"curies":[{"name":"wp","href":"https:\/\/api.w.org\/{rel}","templated":true}]}}