

{"id":6059,"date":"2017-01-14T14:09:37","date_gmt":"2017-01-14T13:09:37","guid":{"rendered":"http:\/\/www.darksky.ch\/dsx\/de\/?p=6059"},"modified":"2017-01-20T11:39:46","modified_gmt":"2017-01-20T10:39:46","slug":"nzz-lichtfestival-murten-strahlt-auch-bei-dunkelheit","status":"publish","type":"post","link":"https:\/\/www.darksky.ch\/dss\/de\/2017\/01\/nzz-lichtfestival-murten-strahlt-auch-bei-dunkelheit\/","title":{"rendered":"NZZ &#8211; Lichtfestival: Murten strahlt auch bei Dunkelheit"},"content":{"rendered":"<p><span class=\"Apple-style-span\">Die erste Ausgabe vor einem Jahr war ein Grosserfolg. Nun huldigt Murten erneut dem Licht.<\/span><\/p>\n<p>\u00bb\u00a0<a href=\"http:\/\/www.nzz.ch\/panorama\/lichtfestival-murten-strahlt-auch-bei-dunkelheit-ld.139789\" target=\"_blank\">Murten strahlt auch bei Dunkelheit<\/a><\/p>\n<p><em>Der Pr\u00e4sident von Dark-Sky Switzerland hat das Event am 19. Januar besichtigt und meint dazu: \u00abVielleicht ist es gescheiter, Lichtk\u00fcnstler in einem St\u00e4dtchen\u00a0wie Murten zu konzentrieren, statt dass jeder f\u00fcr sich &#8211;\u00a0wom\u00f6glich noch in der Natur &#8211; t\u00e4tig wird. Bei aller Kreativit\u00e4t der K\u00fcnstler kommen\u00a0aber doch eher Liebhaber von m\u00e4rchenhafter Romantik \u00e0 la Disney auf ihre Kosten. Es w\u00e4re sehr w\u00fcnschenswert, wenn auch Lichtk\u00fcnstler auf Bodenleuchten\u00a0und Suchscheinwerfer konsequent\u00a0verzichten. Sonst gibt\u00a0es immer noch eine Bel\u00e4stigung der Vogelwelt,\u00a0die \u00fcber den Murtensee zieht.\u00bb<\/em><\/p>\n<p>&nbsp;<\/p>\n","protected":false},"excerpt":{"rendered":"<p>Die erste Ausgabe vor einem Jahr war ein Grosserfolg. Nun huldigt Murten erneut dem Licht. \u00bb\u00a0Murten strahlt auch bei Dunkelheit Der Pr\u00e4sident von Dark-Sky Switzerland hat das Event am 19. Januar besichtigt und meint dazu: \u00abVielleicht ist es gescheiter, Lichtk\u00fcnstler in einem St\u00e4dtchen\u00a0wie Murten zu konzentrieren, statt dass jeder f\u00fcr sich &#8211;\u00a0wom\u00f6glich noch in der &hellip; <a href=\"https:\/\/www.darksky.ch\/dss\/de\/2017\/01\/nzz-lichtfestival-murten-strahlt-auch-bei-dunkelheit\/\" class=\"more-link\">Continue reading<span class=\"screen-reader-text\"> &#8222;NZZ &#8211; Lichtfestival: Murten strahlt auch bei Dunkelheit&#8220;<\/span><\/a><\/p>\n","protected":false},"author":2,"featured_media":0,"comment_status":"closed","ping_status":"open","sticky":false,"template":"","format":"standard","meta":{"_acf_changed":false,"footnotes":""},"categories":[34,30],"tags":[],"class_list":["post-6059","post","type-post","status-publish","format-standard","hentry","category-medien","category-wissen"],"acf":[],"_links":{"self":[{"href":"https:\/\/www.darksky.ch\/dss\/de\/wp-json\/wp\/v2\/posts\/6059","targetHints":{"allow":["GET"]}}],"collection":[{"href":"https:\/\/www.darksky.ch\/dss\/de\/wp-json\/wp\/v2\/posts"}],"about":[{"href":"https:\/\/www.darksky.ch\/dss\/de\/wp-json\/wp\/v2\/types\/post"}],"author":[{"embeddable":true,"href":"https:\/\/www.darksky.ch\/dss\/de\/wp-json\/wp\/v2\/users\/2"}],"replies":[{"embeddable":true,"href":"https:\/\/www.darksky.ch\/dss\/de\/wp-json\/wp\/v2\/comments?post=6059"}],"version-history":[{"count":3,"href":"https:\/\/www.darksky.ch\/dss\/de\/wp-json\/wp\/v2\/posts\/6059\/revisions"}],"predecessor-version":[{"id":6165,"href":"https:\/\/www.darksky.ch\/dss\/de\/wp-json\/wp\/v2\/posts\/6059\/revisions\/6165"}],"wp:attachment":[{"href":"https:\/\/www.darksky.ch\/dss\/de\/wp-json\/wp\/v2\/media?parent=6059"}],"wp:term":[{"taxonomy":"category","embeddable":true,"href":"https:\/\/www.darksky.ch\/dss\/de\/wp-json\/wp\/v2\/categories?post=6059"},{"taxonomy":"post_tag","embeddable":true,"href":"https:\/\/www.darksky.ch\/dss\/de\/wp-json\/wp\/v2\/tags?post=6059"}],"curies":[{"name":"wp","href":"https:\/\/api.w.org\/{rel}","templated":true}]}}