

{"id":6548,"date":"2017-03-07T18:06:44","date_gmt":"2017-03-07T17:06:44","guid":{"rendered":"http:\/\/www.darksky.ch\/dsx\/de\/?p=6548"},"modified":"2025-05-30T18:29:02","modified_gmt":"2025-05-30T16:29:02","slug":"luxemburger-wort-massnahmen-gegen-lichtverschmutzung-mehr-dunkelheit-bitte","status":"publish","type":"post","link":"https:\/\/www.darksky.ch\/dss\/de\/2017\/03\/luxemburger-wort-massnahmen-gegen-lichtverschmutzung-mehr-dunkelheit-bitte\/","title":{"rendered":"Luxemburger Wort &#8211; Ma\u00dfnahmen gegen Lichtverschmutzung: Mehr Dunkelheit, bitte!"},"content":{"rendered":"<p><span class=\"Apple-style-span\">Dunkler Nachthimmel \u00fcber Luxemburg ist zur Seltenheit geworden. Das Ph\u00e4nomen der<b>\u00a0Lichtverschmutzung st\u00f6rt Mensch und Tier<\/b>, jetzt wurde zum ersten Mal eine wissenschaftliche Erhebung durchgef\u00fchrt. Die Milchstra\u00dfe kann man von Luxemburg aus schon fast nicht mehr sehen. Wie in anderen L\u00e4ndern auch, legt sich die Lichtverschmutzung wie eine Glocke \u00fcber die Landschaft.\u00a0<\/span><\/p>\n<p>\u00bb\u00a0<a href=\"https:\/\/www.wort.lu\/luxemburg\/mehr-dunkelheit-bitte\/876153.html\" target=\"_blank\" rel=\"noopener\">Ma\u00dfnahmen gegen Lichtverschmutzung: Mehr Dunkelheit, bitte!<\/a><\/p>\n<p>&nbsp;<\/p>\n","protected":false},"excerpt":{"rendered":"<p>Dunkler Nachthimmel \u00fcber Luxemburg ist zur Seltenheit geworden. Das Ph\u00e4nomen der\u00a0Lichtverschmutzung st\u00f6rt Mensch und Tier, jetzt wurde zum ersten Mal eine wissenschaftliche Erhebung durchgef\u00fchrt. Die Milchstra\u00dfe kann man von Luxemburg aus schon fast nicht mehr sehen. Wie in anderen L\u00e4ndern auch, legt sich die Lichtverschmutzung wie eine Glocke \u00fcber die Landschaft.\u00a0 \u00bb\u00a0Ma\u00dfnahmen gegen Lichtverschmutzung: Mehr &hellip; <a href=\"https:\/\/www.darksky.ch\/dss\/de\/2017\/03\/luxemburger-wort-massnahmen-gegen-lichtverschmutzung-mehr-dunkelheit-bitte\/\" class=\"more-link\">Continue reading<span class=\"screen-reader-text\"> &#8222;Luxemburger Wort &#8211; Ma\u00dfnahmen gegen Lichtverschmutzung: Mehr Dunkelheit, bitte!&#8220;<\/span><\/a><\/p>\n","protected":false},"author":2,"featured_media":0,"comment_status":"closed","ping_status":"open","sticky":false,"template":"","format":"standard","meta":{"_acf_changed":false,"footnotes":""},"categories":[73,34,30],"tags":[],"class_list":["post-6548","post","type-post","status-publish","format-standard","hentry","category-interview-mit-darksky-switzerland","category-medien","category-wissen"],"acf":[],"_links":{"self":[{"href":"https:\/\/www.darksky.ch\/dss\/de\/wp-json\/wp\/v2\/posts\/6548","targetHints":{"allow":["GET"]}}],"collection":[{"href":"https:\/\/www.darksky.ch\/dss\/de\/wp-json\/wp\/v2\/posts"}],"about":[{"href":"https:\/\/www.darksky.ch\/dss\/de\/wp-json\/wp\/v2\/types\/post"}],"author":[{"embeddable":true,"href":"https:\/\/www.darksky.ch\/dss\/de\/wp-json\/wp\/v2\/users\/2"}],"replies":[{"embeddable":true,"href":"https:\/\/www.darksky.ch\/dss\/de\/wp-json\/wp\/v2\/comments?post=6548"}],"version-history":[{"count":2,"href":"https:\/\/www.darksky.ch\/dss\/de\/wp-json\/wp\/v2\/posts\/6548\/revisions"}],"predecessor-version":[{"id":16100,"href":"https:\/\/www.darksky.ch\/dss\/de\/wp-json\/wp\/v2\/posts\/6548\/revisions\/16100"}],"wp:attachment":[{"href":"https:\/\/www.darksky.ch\/dss\/de\/wp-json\/wp\/v2\/media?parent=6548"}],"wp:term":[{"taxonomy":"category","embeddable":true,"href":"https:\/\/www.darksky.ch\/dss\/de\/wp-json\/wp\/v2\/categories?post=6548"},{"taxonomy":"post_tag","embeddable":true,"href":"https:\/\/www.darksky.ch\/dss\/de\/wp-json\/wp\/v2\/tags?post=6548"}],"curies":[{"name":"wp","href":"https:\/\/api.w.org\/{rel}","templated":true}]}}