

{"id":7266,"date":"2017-05-08T12:50:22","date_gmt":"2017-05-08T10:50:22","guid":{"rendered":"http:\/\/www.darksky.ch\/dsx\/?p=7266\/"},"modified":"2017-05-10T12:52:06","modified_gmt":"2017-05-10T10:52:06","slug":"20minuten-jeder-dritte-schweizer-haelt-sich-fuer-schlafgestoert","status":"publish","type":"post","link":"https:\/\/www.darksky.ch\/dss\/de\/2017\/05\/20minuten-jeder-dritte-schweizer-haelt-sich-fuer-schlafgestoert\/","title":{"rendered":"20Minuten \u2013 Jeder dritte Schweizer h\u00e4lt sich f\u00fcr schlafgest\u00f6rt"},"content":{"rendered":"<p>Schweizer schlafen laut einer Studie immer weniger. Nicht nur gesundheitlich ist dies problematisch, sondern es hat auch Auswirkungen auf die Wirtschaft.<\/p>\n<p>\u00bb\u00a0<a href=\"http:\/\/www.20min.ch\/schweiz\/news\/story\/Jeder-dritte-Schweizer-haelt-sich-fuer-schlafgestoert-30046797\" target=\"_blank\">Jeder dritte Schweizer h\u00e4lt sich f\u00fcr schlafgest\u00f6rt<\/a><\/p>\n<p>&nbsp;<\/p>\n","protected":false},"excerpt":{"rendered":"<p>Schweizer schlafen laut einer Studie immer weniger. Nicht nur gesundheitlich ist dies problematisch, sondern es hat auch Auswirkungen auf die Wirtschaft. \u00bb\u00a0Jeder dritte Schweizer h\u00e4lt sich f\u00fcr schlafgest\u00f6rt &nbsp;<\/p>\n","protected":false},"author":2,"featured_media":0,"comment_status":"closed","ping_status":"open","sticky":false,"template":"","format":"standard","meta":{"_acf_changed":false,"footnotes":""},"categories":[34,30],"tags":[],"class_list":["post-7266","post","type-post","status-publish","format-standard","hentry","category-medien","category-wissen"],"acf":[],"_links":{"self":[{"href":"https:\/\/www.darksky.ch\/dss\/de\/wp-json\/wp\/v2\/posts\/7266","targetHints":{"allow":["GET"]}}],"collection":[{"href":"https:\/\/www.darksky.ch\/dss\/de\/wp-json\/wp\/v2\/posts"}],"about":[{"href":"https:\/\/www.darksky.ch\/dss\/de\/wp-json\/wp\/v2\/types\/post"}],"author":[{"embeddable":true,"href":"https:\/\/www.darksky.ch\/dss\/de\/wp-json\/wp\/v2\/users\/2"}],"replies":[{"embeddable":true,"href":"https:\/\/www.darksky.ch\/dss\/de\/wp-json\/wp\/v2\/comments?post=7266"}],"version-history":[{"count":1,"href":"https:\/\/www.darksky.ch\/dss\/de\/wp-json\/wp\/v2\/posts\/7266\/revisions"}],"predecessor-version":[{"id":7267,"href":"https:\/\/www.darksky.ch\/dss\/de\/wp-json\/wp\/v2\/posts\/7266\/revisions\/7267"}],"wp:attachment":[{"href":"https:\/\/www.darksky.ch\/dss\/de\/wp-json\/wp\/v2\/media?parent=7266"}],"wp:term":[{"taxonomy":"category","embeddable":true,"href":"https:\/\/www.darksky.ch\/dss\/de\/wp-json\/wp\/v2\/categories?post=7266"},{"taxonomy":"post_tag","embeddable":true,"href":"https:\/\/www.darksky.ch\/dss\/de\/wp-json\/wp\/v2\/tags?post=7266"}],"curies":[{"name":"wp","href":"https:\/\/api.w.org\/{rel}","templated":true}]}}