

{"id":7959,"date":"2017-11-20T12:05:32","date_gmt":"2017-11-20T11:05:32","guid":{"rendered":"http:\/\/www.darksky.ch\/dsx\/?p=7959"},"modified":"2017-11-20T14:11:04","modified_gmt":"2017-11-20T13:11:04","slug":"tagesanzeiger-solariumverbot-fuer-jugendliche-war-ein-versehen","status":"publish","type":"post","link":"https:\/\/www.darksky.ch\/dss\/de\/2017\/11\/tagesanzeiger-solariumverbot-fuer-jugendliche-war-ein-versehen\/","title":{"rendered":"Tagesanzeiger \u2013 Solariumverbot f\u00fcr Jugendliche war ein Versehen"},"content":{"rendered":"<p>Wie das Parlament eine Regelung erm\u00f6glichte, die nie zur Debatte stand.<br \/>\nSich unter Kunstlicht br\u00e4unen zu lassen, kann gef\u00e4hrlich sein \u2013 f\u00fcr Heranwachsende gar derart gef\u00e4hrlich, dass Solariumbesuche g\u00e4nzlich unverantwortbar sind. Dieser Meinung ist man zumindest beim Bundesamt f\u00fcr Gesundheit (BAG), wie die \u00abSonntagsZeitung\u00bb berichtete. Demnach plant das BAG, Minderj\u00e4hrige von Solarien auszuschliessen: Die Betreiber der Sonnenstudios h\u00e4tten k\u00fcnftig daf\u00fcr zu sorgen, dass Unter-18-J\u00e4hrigen kein Einlass mehr gew\u00e4hrt werde.<\/p>\n<p>\u00bb <a href=\"https:\/\/www.tagesanzeiger.ch\/schweiz\/standard\/wie-das-parlament-versehentlich-ein-solariumverbot-fuer-junge-ermoeglichte\/story\/19877593\" target=\"_blank\" rel=\"noopener\">Solariumverbot f\u00fcr Jugendliche war ein Versehen<\/a><\/p>\n<p>&nbsp;<\/p>\n","protected":false},"excerpt":{"rendered":"<p>Wie das Parlament eine Regelung erm\u00f6glichte, die nie zur Debatte stand. Sich unter Kunstlicht br\u00e4unen zu lassen, kann gef\u00e4hrlich sein \u2013 f\u00fcr Heranwachsende gar derart gef\u00e4hrlich, dass Solariumbesuche g\u00e4nzlich unverantwortbar sind. Dieser Meinung ist man zumindest beim Bundesamt f\u00fcr Gesundheit (BAG), wie die \u00abSonntagsZeitung\u00bb berichtete. Demnach plant das BAG, Minderj\u00e4hrige von Solarien auszuschliessen: Die Betreiber &hellip; <a href=\"https:\/\/www.darksky.ch\/dss\/de\/2017\/11\/tagesanzeiger-solariumverbot-fuer-jugendliche-war-ein-versehen\/\" class=\"more-link\">Continue reading<span class=\"screen-reader-text\"> &#8222;Tagesanzeiger \u2013 Solariumverbot f\u00fcr Jugendliche war ein Versehen&#8220;<\/span><\/a><\/p>\n","protected":false},"author":2,"featured_media":0,"comment_status":"closed","ping_status":"open","sticky":false,"template":"","format":"aside","meta":{"_acf_changed":false,"footnotes":""},"categories":[34,30],"tags":[],"class_list":["post-7959","post","type-post","status-publish","format-aside","hentry","category-medien","category-wissen","post_format-post-format-aside"],"acf":[],"_links":{"self":[{"href":"https:\/\/www.darksky.ch\/dss\/de\/wp-json\/wp\/v2\/posts\/7959","targetHints":{"allow":["GET"]}}],"collection":[{"href":"https:\/\/www.darksky.ch\/dss\/de\/wp-json\/wp\/v2\/posts"}],"about":[{"href":"https:\/\/www.darksky.ch\/dss\/de\/wp-json\/wp\/v2\/types\/post"}],"author":[{"embeddable":true,"href":"https:\/\/www.darksky.ch\/dss\/de\/wp-json\/wp\/v2\/users\/2"}],"replies":[{"embeddable":true,"href":"https:\/\/www.darksky.ch\/dss\/de\/wp-json\/wp\/v2\/comments?post=7959"}],"version-history":[{"count":1,"href":"https:\/\/www.darksky.ch\/dss\/de\/wp-json\/wp\/v2\/posts\/7959\/revisions"}],"predecessor-version":[{"id":7960,"href":"https:\/\/www.darksky.ch\/dss\/de\/wp-json\/wp\/v2\/posts\/7959\/revisions\/7960"}],"wp:attachment":[{"href":"https:\/\/www.darksky.ch\/dss\/de\/wp-json\/wp\/v2\/media?parent=7959"}],"wp:term":[{"taxonomy":"category","embeddable":true,"href":"https:\/\/www.darksky.ch\/dss\/de\/wp-json\/wp\/v2\/categories?post=7959"},{"taxonomy":"post_tag","embeddable":true,"href":"https:\/\/www.darksky.ch\/dss\/de\/wp-json\/wp\/v2\/tags?post=7959"}],"curies":[{"name":"wp","href":"https:\/\/api.w.org\/{rel}","templated":true}]}}