

{"id":8486,"date":"2015-03-07T18:27:18","date_gmt":"2015-03-07T17:27:18","guid":{"rendered":"http:\/\/www.darksky.ch\/dsx\/?p=8486"},"modified":"2018-01-24T09:32:03","modified_gmt":"2018-01-24T08:32:03","slug":"basellandschaftliche-zeitung-oberwil-spart-bei-der-strassenbeleuchtung-in-der-nacht-wirds-finster","status":"publish","type":"post","link":"https:\/\/www.darksky.ch\/dss\/de\/2015\/03\/basellandschaftliche-zeitung-oberwil-spart-bei-der-strassenbeleuchtung-in-der-nacht-wirds-finster\/","title":{"rendered":"Basellandschaftliche Zeitung \u2013 Oberwil spart bei der Strassenbeleuchtung: In der Nacht wirds finster"},"content":{"rendered":"<p>Ab wann die N\u00e4chte in Oberwil dunkel werden, ist unklar. Doch sicher ist: Sie werden es. Denn die Gemeindeversammlung hat das Budget so ge\u00e4ndert, dass f\u00fcr die \u00f6ffentliche Strassenbeleuchtung von ein bis f\u00fcnf Uhr nachts kein Geld mehr da ist.<\/p>\n<p><a href=\"https:\/\/www.basellandschaftlichezeitung.ch\/basel\/baselbiet\/oberwil-spart-bei-der-strassenbeleuchtung-in-der-nacht-wirds-finster-128912445\" target=\"_blank\" rel=\"noopener\">\u00bb Oberwil spart bei der Strassenbeleuchtung: In der Nacht wirds finster<\/a><\/p>\n<p>&nbsp;<\/p>\n","protected":false},"excerpt":{"rendered":"<p>Ab wann die N\u00e4chte in Oberwil dunkel werden, ist unklar. Doch sicher ist: Sie werden es. Denn die Gemeindeversammlung hat das Budget so ge\u00e4ndert, dass f\u00fcr die \u00f6ffentliche Strassenbeleuchtung von ein bis f\u00fcnf Uhr nachts kein Geld mehr da ist. \u00bb Oberwil spart bei der Strassenbeleuchtung: In der Nacht wirds finster &nbsp;<\/p>\n","protected":false},"author":2,"featured_media":0,"comment_status":"closed","ping_status":"open","sticky":false,"template":"","format":"standard","meta":{"_acf_changed":false,"footnotes":""},"categories":[73,34,30],"tags":[],"class_list":["post-8486","post","type-post","status-publish","format-standard","hentry","category-interview-mit-darksky-switzerland","category-medien","category-wissen"],"acf":[],"_links":{"self":[{"href":"https:\/\/www.darksky.ch\/dss\/de\/wp-json\/wp\/v2\/posts\/8486","targetHints":{"allow":["GET"]}}],"collection":[{"href":"https:\/\/www.darksky.ch\/dss\/de\/wp-json\/wp\/v2\/posts"}],"about":[{"href":"https:\/\/www.darksky.ch\/dss\/de\/wp-json\/wp\/v2\/types\/post"}],"author":[{"embeddable":true,"href":"https:\/\/www.darksky.ch\/dss\/de\/wp-json\/wp\/v2\/users\/2"}],"replies":[{"embeddable":true,"href":"https:\/\/www.darksky.ch\/dss\/de\/wp-json\/wp\/v2\/comments?post=8486"}],"version-history":[{"count":1,"href":"https:\/\/www.darksky.ch\/dss\/de\/wp-json\/wp\/v2\/posts\/8486\/revisions"}],"predecessor-version":[{"id":8487,"href":"https:\/\/www.darksky.ch\/dss\/de\/wp-json\/wp\/v2\/posts\/8486\/revisions\/8487"}],"wp:attachment":[{"href":"https:\/\/www.darksky.ch\/dss\/de\/wp-json\/wp\/v2\/media?parent=8486"}],"wp:term":[{"taxonomy":"category","embeddable":true,"href":"https:\/\/www.darksky.ch\/dss\/de\/wp-json\/wp\/v2\/categories?post=8486"},{"taxonomy":"post_tag","embeddable":true,"href":"https:\/\/www.darksky.ch\/dss\/de\/wp-json\/wp\/v2\/tags?post=8486"}],"curies":[{"name":"wp","href":"https:\/\/api.w.org\/{rel}","templated":true}]}}