

{"id":9751,"date":"2018-07-09T18:37:12","date_gmt":"2018-07-09T16:37:12","guid":{"rendered":"http:\/\/www.darksky.ch\/dsx\/?p=9751"},"modified":"2018-07-09T16:39:02","modified_gmt":"2018-07-09T14:39:02","slug":"nzz-es-werde-nacht-warum-wir-moeglichst-abgedunkelt-schlafen-sollten","status":"publish","type":"post","link":"https:\/\/www.darksky.ch\/dss\/de\/2018\/07\/nzz-es-werde-nacht-warum-wir-moeglichst-abgedunkelt-schlafen-sollten\/","title":{"rendered":"NZZ \u2013 Es werde Nacht \u2013 warum wir m\u00f6glichst abgedunkelt schlafen sollten"},"content":{"rendered":"<p>Nur wer gut schl\u00e4ft, ist k\u00f6rperlich und geistig fit. Dazu braucht es ein vollst\u00e4ndig abgedunkeltes Schlafzimmer, wie immer mehr Studien zeigen.<\/p>\n<p>\u00bb\u00a0<a href=\"https:\/\/www.nzz.ch\/wissenschaft\/kopie-von-es-werde-nacht-warum-wir-moeglichst-abgedunkelt-schlafen-sollten-ld.1401377\" target=\"_blank\" rel=\"noopener\">Es werde Nacht \u2013 warum wir m\u00f6glichst abgedunkelt schlafen sollten<\/a><\/p>\n<p>&nbsp;<\/p>\n","protected":false},"excerpt":{"rendered":"<p>Nur wer gut schl\u00e4ft, ist k\u00f6rperlich und geistig fit. Dazu braucht es ein vollst\u00e4ndig abgedunkeltes Schlafzimmer, wie immer mehr Studien zeigen. \u00bb\u00a0Es werde Nacht \u2013 warum wir m\u00f6glichst abgedunkelt schlafen sollten &nbsp;<\/p>\n","protected":false},"author":2,"featured_media":0,"comment_status":"closed","ping_status":"open","sticky":false,"template":"","format":"standard","meta":{"_acf_changed":false,"footnotes":""},"categories":[34,30],"tags":[],"class_list":["post-9751","post","type-post","status-publish","format-standard","hentry","category-medien","category-wissen"],"acf":[],"_links":{"self":[{"href":"https:\/\/www.darksky.ch\/dss\/de\/wp-json\/wp\/v2\/posts\/9751","targetHints":{"allow":["GET"]}}],"collection":[{"href":"https:\/\/www.darksky.ch\/dss\/de\/wp-json\/wp\/v2\/posts"}],"about":[{"href":"https:\/\/www.darksky.ch\/dss\/de\/wp-json\/wp\/v2\/types\/post"}],"author":[{"embeddable":true,"href":"https:\/\/www.darksky.ch\/dss\/de\/wp-json\/wp\/v2\/users\/2"}],"replies":[{"embeddable":true,"href":"https:\/\/www.darksky.ch\/dss\/de\/wp-json\/wp\/v2\/comments?post=9751"}],"version-history":[{"count":1,"href":"https:\/\/www.darksky.ch\/dss\/de\/wp-json\/wp\/v2\/posts\/9751\/revisions"}],"predecessor-version":[{"id":9752,"href":"https:\/\/www.darksky.ch\/dss\/de\/wp-json\/wp\/v2\/posts\/9751\/revisions\/9752"}],"wp:attachment":[{"href":"https:\/\/www.darksky.ch\/dss\/de\/wp-json\/wp\/v2\/media?parent=9751"}],"wp:term":[{"taxonomy":"category","embeddable":true,"href":"https:\/\/www.darksky.ch\/dss\/de\/wp-json\/wp\/v2\/categories?post=9751"},{"taxonomy":"post_tag","embeddable":true,"href":"https:\/\/www.darksky.ch\/dss\/de\/wp-json\/wp\/v2\/tags?post=9751"}],"curies":[{"name":"wp","href":"https:\/\/api.w.org\/{rel}","templated":true}]}}