

{"id":9880,"date":"2018-08-31T18:11:08","date_gmt":"2018-08-31T16:11:08","guid":{"rendered":"http:\/\/www.darksky.ch\/dsx\/?p=9880"},"modified":"2018-08-31T18:11:08","modified_gmt":"2018-08-31T16:11:08","slug":"nzz-die-abschaffung-der-zeitumstellung-rueckt-naeher-auch-in-der-schweiz","status":"publish","type":"post","link":"https:\/\/www.darksky.ch\/dss\/de\/2018\/08\/nzz-die-abschaffung-der-zeitumstellung-rueckt-naeher-auch-in-der-schweiz\/","title":{"rendered":"NZZ \u2013 Die Abschaffung der Zeitumstellung r\u00fcckt n\u00e4her \u2013 auch in der Schweiz"},"content":{"rendered":"<p>In der EU soll die Zeitumstellung abgeschafft werden. Dies w\u00fcrde auch f\u00fcr Schweizer bedeuten, dass sie ihre Uhr k\u00fcnftig nicht mehr vor- und zur\u00fcckstellen m\u00fcssten.<\/p>\n<p>\u00bb\u00a0<a href=\"https:\/\/www.nzz.ch\/schweiz\/die-abschaffung-der-zeitumstellung-rueckt-naeher-auch-in-der-schweiz-ld.1416178\" target=\"_blank\" rel=\"noopener\">Die Abschaffung der Zeitumstellung r\u00fcckt n\u00e4her \u2013 auch in der Schweiz<\/a><\/p>\n<p>&nbsp;<\/p>\n","protected":false},"excerpt":{"rendered":"<p>In der EU soll die Zeitumstellung abgeschafft werden. Dies w\u00fcrde auch f\u00fcr Schweizer bedeuten, dass sie ihre Uhr k\u00fcnftig nicht mehr vor- und zur\u00fcckstellen m\u00fcssten. \u00bb\u00a0Die Abschaffung der Zeitumstellung r\u00fcckt n\u00e4her \u2013 auch in der Schweiz &nbsp;<\/p>\n","protected":false},"author":2,"featured_media":0,"comment_status":"closed","ping_status":"open","sticky":false,"template":"","format":"aside","meta":{"_acf_changed":false,"footnotes":""},"categories":[34,30],"tags":[],"class_list":["post-9880","post","type-post","status-publish","format-aside","hentry","category-medien","category-wissen","post_format-post-format-aside"],"acf":[],"_links":{"self":[{"href":"https:\/\/www.darksky.ch\/dss\/de\/wp-json\/wp\/v2\/posts\/9880","targetHints":{"allow":["GET"]}}],"collection":[{"href":"https:\/\/www.darksky.ch\/dss\/de\/wp-json\/wp\/v2\/posts"}],"about":[{"href":"https:\/\/www.darksky.ch\/dss\/de\/wp-json\/wp\/v2\/types\/post"}],"author":[{"embeddable":true,"href":"https:\/\/www.darksky.ch\/dss\/de\/wp-json\/wp\/v2\/users\/2"}],"replies":[{"embeddable":true,"href":"https:\/\/www.darksky.ch\/dss\/de\/wp-json\/wp\/v2\/comments?post=9880"}],"version-history":[{"count":1,"href":"https:\/\/www.darksky.ch\/dss\/de\/wp-json\/wp\/v2\/posts\/9880\/revisions"}],"predecessor-version":[{"id":9881,"href":"https:\/\/www.darksky.ch\/dss\/de\/wp-json\/wp\/v2\/posts\/9880\/revisions\/9881"}],"wp:attachment":[{"href":"https:\/\/www.darksky.ch\/dss\/de\/wp-json\/wp\/v2\/media?parent=9880"}],"wp:term":[{"taxonomy":"category","embeddable":true,"href":"https:\/\/www.darksky.ch\/dss\/de\/wp-json\/wp\/v2\/categories?post=9880"},{"taxonomy":"post_tag","embeddable":true,"href":"https:\/\/www.darksky.ch\/dss\/de\/wp-json\/wp\/v2\/tags?post=9880"}],"curies":[{"name":"wp","href":"https:\/\/api.w.org\/{rel}","templated":true}]}}