

{"id":10496,"date":"2019-02-05T20:01:14","date_gmt":"2019-02-05T19:01:14","guid":{"rendered":"http:\/\/www.darksky.ch\/dsx\/?p=10496"},"modified":"2025-05-29T16:16:15","modified_gmt":"2025-05-29T14:16:15","slug":"canal-9-le-journal-securite-le-valais-ameliore-leclairage-de-ses-passages-pietons","status":"publish","type":"post","link":"https:\/\/www.darksky.ch\/dss\/fr\/2019\/02\/canal-9-le-journal-securite-le-valais-ameliore-leclairage-de-ses-passages-pietons\/","title":{"rendered":"canal 9 \u2013 Le journal \u2013 S\u00e9curit\u00e9: le Valais am\u00e9liore l\u2019\u00e9clairage de ses passages pi\u00e9tons"},"content":{"rendered":"<p>Voir et \u00eatre vu, m\u00eame de nuit: le canton du Valais passe au luxm\u00e8tre ses passages pi\u00e9tons. Plusieurs centaines de passages n\u00e9cessitent d\u2019\u00eatre assainis, soit une d\u00e9pense de 8 millions pour des imp\u00e9ratifs s\u00e9curitaires, mais aussi d\u2019efficience \u00e9nerg\u00e9tique.<br \/>\nInvit\u00e9 dans Le Journal pour en parler: Arnaud Zufferey, collaborateur scientifique au Service de l\u2019\u00e9nergie \u00e0 l\u2019Etat du Valais.<\/p>\n<p>\u00bb <a href=\"https:\/\/canal9.ch\/fr\/pour-ameliorer-la-securite-et-lefficience-energetique-le-valais-ameliore-leclairage-de-ses-passages-pietons\/\" target=\"_blank\" rel=\"noopener\">Le journal du 05.02.2019<\/a><\/p>\n<p>&nbsp;<\/p>\n","protected":false},"excerpt":{"rendered":"<p>Voir et \u00eatre vu, m\u00eame de nuit: le canton du Valais passe au luxm\u00e8tre ses passages pi\u00e9tons. Plusieurs centaines de passages n\u00e9cessitent d\u2019\u00eatre assainis, soit une d\u00e9pense de 8 millions pour des imp\u00e9ratifs s\u00e9curitaires, mais aussi d\u2019efficience \u00e9nerg\u00e9tique. Invit\u00e9 dans Le Journal pour en parler: Arnaud Zufferey, collaborateur scientifique au Service de l\u2019\u00e9nergie \u00e0 l\u2019Etat &hellip; <a href=\"https:\/\/www.darksky.ch\/dss\/fr\/2019\/02\/canal-9-le-journal-securite-le-valais-ameliore-leclairage-de-ses-passages-pietons\/\" class=\"more-link\">Continue reading<span class=\"screen-reader-text\"> &#8220;canal 9 \u2013 Le journal \u2013 S\u00e9curit\u00e9: le Valais am\u00e9liore l\u2019\u00e9clairage de ses passages pi\u00e9tons&#8221;<\/span><\/a><\/p>\n","protected":false},"author":2,"featured_media":0,"comment_status":"closed","ping_status":"open","sticky":false,"template":"","format":"standard","meta":{"_acf_changed":false,"footnotes":""},"categories":[31,39],"tags":[],"class_list":["post-10496","post","type-post","status-publish","format-standard","hentry","category-a-savoir","category-news-et-medias"],"acf":[],"_links":{"self":[{"href":"https:\/\/www.darksky.ch\/dss\/fr\/wp-json\/wp\/v2\/posts\/10496","targetHints":{"allow":["GET"]}}],"collection":[{"href":"https:\/\/www.darksky.ch\/dss\/fr\/wp-json\/wp\/v2\/posts"}],"about":[{"href":"https:\/\/www.darksky.ch\/dss\/fr\/wp-json\/wp\/v2\/types\/post"}],"author":[{"embeddable":true,"href":"https:\/\/www.darksky.ch\/dss\/fr\/wp-json\/wp\/v2\/users\/2"}],"replies":[{"embeddable":true,"href":"https:\/\/www.darksky.ch\/dss\/fr\/wp-json\/wp\/v2\/comments?post=10496"}],"version-history":[{"count":3,"href":"https:\/\/www.darksky.ch\/dss\/fr\/wp-json\/wp\/v2\/posts\/10496\/revisions"}],"predecessor-version":[{"id":15885,"href":"https:\/\/www.darksky.ch\/dss\/fr\/wp-json\/wp\/v2\/posts\/10496\/revisions\/15885"}],"wp:attachment":[{"href":"https:\/\/www.darksky.ch\/dss\/fr\/wp-json\/wp\/v2\/media?parent=10496"}],"wp:term":[{"taxonomy":"category","embeddable":true,"href":"https:\/\/www.darksky.ch\/dss\/fr\/wp-json\/wp\/v2\/categories?post=10496"},{"taxonomy":"post_tag","embeddable":true,"href":"https:\/\/www.darksky.ch\/dss\/fr\/wp-json\/wp\/v2\/tags?post=10496"}],"curies":[{"name":"wp","href":"https:\/\/api.w.org\/{rel}","templated":true}]}}