

{"id":10613,"date":"2019-03-12T18:43:10","date_gmt":"2019-03-12T17:43:10","guid":{"rendered":"http:\/\/www.darksky.ch\/dsx\/?p=10613"},"modified":"2019-03-13T18:45:38","modified_gmt":"2019-03-13T17:45:38","slug":"le-nouvelliste-valais-le-parlement-va-semparer-du-probleme-de-la-pollution-lumineuse","status":"publish","type":"post","link":"https:\/\/www.darksky.ch\/dss\/fr\/2019\/03\/le-nouvelliste-valais-le-parlement-va-semparer-du-probleme-de-la-pollution-lumineuse\/","title":{"rendered":"Le Nouvelliste \u2013 Valais : le Parlement va s\u2019emparer du probl\u00e8me de la pollution lumineuse"},"content":{"rendered":"<p><span class=\"detail-mot-accroche\">GRAND CONSEIL<\/span> Le canton va \u00e9tudier des mesures pour r\u00e9duire les \u00e9missions lumineuses. Les d\u00e9put\u00e9s ont accept\u00e9 un postulat en ce sens mardi.<\/p>\n<p>\u00bb <a href=\"https:\/\/www.lenouvelliste.ch\/articles\/valais\/canton\/valais-le-parlement-s-empare-du-probleme-de-la-pollution-lumineuse-826039\" target=\"_blank\" rel=\"noopener noreferrer\">Valais : le Parlement va s\u2019emparer du probl\u00e8me de la pollution lumineuse<\/a><\/p>\n<p>&nbsp;<\/p>\n","protected":false},"excerpt":{"rendered":"<p>GRAND CONSEIL Le canton va \u00e9tudier des mesures pour r\u00e9duire les \u00e9missions lumineuses. Les d\u00e9put\u00e9s ont accept\u00e9 un postulat en ce sens mardi. \u00bb Valais : le Parlement va s\u2019emparer du probl\u00e8me de la pollution lumineuse &nbsp;<\/p>\n","protected":false},"author":2,"featured_media":0,"comment_status":"closed","ping_status":"open","sticky":false,"template":"","format":"standard","meta":{"_acf_changed":false,"footnotes":""},"categories":[31,39],"tags":[],"class_list":["post-10613","post","type-post","status-publish","format-standard","hentry","category-a-savoir","category-news-et-medias"],"acf":[],"_links":{"self":[{"href":"https:\/\/www.darksky.ch\/dss\/fr\/wp-json\/wp\/v2\/posts\/10613","targetHints":{"allow":["GET"]}}],"collection":[{"href":"https:\/\/www.darksky.ch\/dss\/fr\/wp-json\/wp\/v2\/posts"}],"about":[{"href":"https:\/\/www.darksky.ch\/dss\/fr\/wp-json\/wp\/v2\/types\/post"}],"author":[{"embeddable":true,"href":"https:\/\/www.darksky.ch\/dss\/fr\/wp-json\/wp\/v2\/users\/2"}],"replies":[{"embeddable":true,"href":"https:\/\/www.darksky.ch\/dss\/fr\/wp-json\/wp\/v2\/comments?post=10613"}],"version-history":[{"count":1,"href":"https:\/\/www.darksky.ch\/dss\/fr\/wp-json\/wp\/v2\/posts\/10613\/revisions"}],"predecessor-version":[{"id":10614,"href":"https:\/\/www.darksky.ch\/dss\/fr\/wp-json\/wp\/v2\/posts\/10613\/revisions\/10614"}],"wp:attachment":[{"href":"https:\/\/www.darksky.ch\/dss\/fr\/wp-json\/wp\/v2\/media?parent=10613"}],"wp:term":[{"taxonomy":"category","embeddable":true,"href":"https:\/\/www.darksky.ch\/dss\/fr\/wp-json\/wp\/v2\/categories?post=10613"},{"taxonomy":"post_tag","embeddable":true,"href":"https:\/\/www.darksky.ch\/dss\/fr\/wp-json\/wp\/v2\/tags?post=10613"}],"curies":[{"name":"wp","href":"https:\/\/api.w.org\/{rel}","templated":true}]}}