

{"id":10842,"date":"2019-05-09T18:21:01","date_gmt":"2019-05-09T16:21:01","guid":{"rendered":"http:\/\/www.darksky.ch\/dsx\/?p=10842"},"modified":"2019-05-15T10:27:08","modified_gmt":"2019-05-15T08:27:08","slug":"pro-natura-magazine-eteignons-les-lumieres-pour-que-chacun-profite-de-llobscurite-de-la-nuit","status":"publish","type":"post","link":"https:\/\/www.darksky.ch\/dss\/fr\/2019\/05\/pro-natura-magazine-eteignons-les-lumieres-pour-que-chacun-profite-de-llobscurite-de-la-nuit\/","title":{"rendered":"Pro Natura magazine \u2013 Eteignons les lumi\u00e8res, pour que chacun profite de ll\u2019obscurit\u00e9 de la nuit"},"content":{"rendered":"<div class=\"page\" title=\"Page 4\">\n<div class=\"layoutArea\">\n<div class=\"column\">\n<div class=\"page\" title=\"Page 4\">\n<div class=\"layoutArea\">\n<div class=\"column\">\n<p>De moins en moins de gens connaissent la fascination d\u2019un ciel \u00e9toil\u00e9 immacul\u00e9. Nous avons choisi de donner beaucoup de place \u00e0 l\u2019obscurit\u00e9 dans le dossier de ce magazine. La nuit noire est vitale pour la survie de nombreuses esp\u00e8ces animales, elle est aussi importante pour nous, les \u00eatres humains.<\/p>\n<\/div>\n<\/div>\n<\/div>\n<p>\u00bb <a href=\"http:\/\/www.darksky.ch\/dss\/wp-content\/uploads\/2019\/05\/2019.05.09_pro-natura-magazin_fr.pdf\" target=\"_blank\" rel=\"noopener noreferrer\">Eteignons les lumi\u00e8res, pour que chacun profite de ll\u2019obscurit\u00e9 de la nuit<\/a>\u00a0(pdf)<\/p>\n<p>&nbsp;<\/p>\n<\/div>\n<\/div>\n<\/div>\n","protected":false},"excerpt":{"rendered":"<p>De moins en moins de gens connaissent la fascination d\u2019un ciel \u00e9toil\u00e9 immacul\u00e9. Nous avons choisi de donner beaucoup de place \u00e0 l\u2019obscurit\u00e9 dans le dossier de ce magazine. La nuit noire est vitale pour la survie de nombreuses esp\u00e8ces animales, elle est aussi importante pour nous, les \u00eatres humains. \u00bb Eteignons les lumi\u00e8res, pour &hellip; <a href=\"https:\/\/www.darksky.ch\/dss\/fr\/2019\/05\/pro-natura-magazine-eteignons-les-lumieres-pour-que-chacun-profite-de-llobscurite-de-la-nuit\/\" class=\"more-link\">Continue reading<span class=\"screen-reader-text\"> &#8220;Pro Natura magazine \u2013 Eteignons les lumi\u00e8res, pour que chacun profite de ll\u2019obscurit\u00e9 de la nuit&#8221;<\/span><\/a><\/p>\n","protected":false},"author":2,"featured_media":0,"comment_status":"closed","ping_status":"open","sticky":false,"template":"","format":"standard","meta":{"_acf_changed":false,"footnotes":""},"categories":[31,39],"tags":[],"class_list":["post-10842","post","type-post","status-publish","format-standard","hentry","category-a-savoir","category-news-et-medias"],"acf":[],"_links":{"self":[{"href":"https:\/\/www.darksky.ch\/dss\/fr\/wp-json\/wp\/v2\/posts\/10842","targetHints":{"allow":["GET"]}}],"collection":[{"href":"https:\/\/www.darksky.ch\/dss\/fr\/wp-json\/wp\/v2\/posts"}],"about":[{"href":"https:\/\/www.darksky.ch\/dss\/fr\/wp-json\/wp\/v2\/types\/post"}],"author":[{"embeddable":true,"href":"https:\/\/www.darksky.ch\/dss\/fr\/wp-json\/wp\/v2\/users\/2"}],"replies":[{"embeddable":true,"href":"https:\/\/www.darksky.ch\/dss\/fr\/wp-json\/wp\/v2\/comments?post=10842"}],"version-history":[{"count":2,"href":"https:\/\/www.darksky.ch\/dss\/fr\/wp-json\/wp\/v2\/posts\/10842\/revisions"}],"predecessor-version":[{"id":10845,"href":"https:\/\/www.darksky.ch\/dss\/fr\/wp-json\/wp\/v2\/posts\/10842\/revisions\/10845"}],"wp:attachment":[{"href":"https:\/\/www.darksky.ch\/dss\/fr\/wp-json\/wp\/v2\/media?parent=10842"}],"wp:term":[{"taxonomy":"category","embeddable":true,"href":"https:\/\/www.darksky.ch\/dss\/fr\/wp-json\/wp\/v2\/categories?post=10842"},{"taxonomy":"post_tag","embeddable":true,"href":"https:\/\/www.darksky.ch\/dss\/fr\/wp-json\/wp\/v2\/tags?post=10842"}],"curies":[{"name":"wp","href":"https:\/\/api.w.org\/{rel}","templated":true}]}}