

{"id":11156,"date":"2019-08-21T18:46:11","date_gmt":"2019-08-21T16:46:11","guid":{"rendered":"http:\/\/www.darksky.ch\/dsx\/?p=11156"},"modified":"2025-05-29T16:24:13","modified_gmt":"2025-05-29T14:24:13","slug":"24heures-nyon-choisit-de-celebrer-le-noir-complet-malgre-les-mises-en-garde-de-securite","status":"publish","type":"post","link":"https:\/\/www.darksky.ch\/dss\/fr\/2019\/08\/24heures-nyon-choisit-de-celebrer-le-noir-complet-malgre-les-mises-en-garde-de-securite\/","title":{"rendered":"24heures \u2013 Nyon choisit de c\u00e9l\u00e9brer le noir complet malgr\u00e9 les mises en garde de s\u00e9curit\u00e9"},"content":{"rendered":"<p>Dans le cadre de l\u2019op\u00e9ration \u00abLa Nuit est belle\u00bb, la Ville a d\u00e9cid\u00e9 de ne pas allumer du tout son \u00e9clairage. D\u2019autres communes se t\u00e2tent.<\/p>\n<p>L\u2019extinction de l\u2019\u00e9clairage public sur l\u2019ensemble des 209 communes du Grand Gen\u00e8ve est un pari ambitieux. Car la r\u00e9ussite de cette grande premi\u00e8re transfrontali\u00e8re, baptis\u00e9e <a href=\"https:\/\/www.lanuitestbelle.org\" target=\"_blank\" rel=\"noopener noreferrer\">\u00abLa nuit est belle\u00bb<\/a>, d\u00e9pend \u00e0 la fois d\u2019aspects techniques et s\u00e9curitaires.<\/p>\n<p>\u00bb <a href=\"https:\/\/www.24heures.ch\/nyon-choisit-de-celebrer-le-noir-complet-malgre-les-mises-en-garde-de-securite-976641920569\" target=\"_blank\" rel=\"noopener noreferrer\">Nyon choisit de c\u00e9l\u00e9brer le noir complet malgr\u00e9 les mises en garde de s\u00e9curit\u00e9<\/a><\/p>\n<p>&nbsp;<\/p>\n","protected":false},"excerpt":{"rendered":"<p>Dans le cadre de l\u2019op\u00e9ration \u00abLa Nuit est belle\u00bb, la Ville a d\u00e9cid\u00e9 de ne pas allumer du tout son \u00e9clairage. D\u2019autres communes se t\u00e2tent. L\u2019extinction de l\u2019\u00e9clairage public sur l\u2019ensemble des 209 communes du Grand Gen\u00e8ve est un pari ambitieux. Car la r\u00e9ussite de cette grande premi\u00e8re transfrontali\u00e8re, baptis\u00e9e \u00abLa nuit est belle\u00bb, d\u00e9pend &hellip; <a href=\"https:\/\/www.darksky.ch\/dss\/fr\/2019\/08\/24heures-nyon-choisit-de-celebrer-le-noir-complet-malgre-les-mises-en-garde-de-securite\/\" class=\"more-link\">Continue reading<span class=\"screen-reader-text\"> &#8220;24heures \u2013 Nyon choisit de c\u00e9l\u00e9brer le noir complet malgr\u00e9 les mises en garde de s\u00e9curit\u00e9&#8221;<\/span><\/a><\/p>\n","protected":false},"author":2,"featured_media":0,"comment_status":"closed","ping_status":"open","sticky":false,"template":"","format":"standard","meta":{"_acf_changed":false,"footnotes":""},"categories":[31,39],"tags":[],"class_list":["post-11156","post","type-post","status-publish","format-standard","hentry","category-a-savoir","category-news-et-medias"],"acf":[],"_links":{"self":[{"href":"https:\/\/www.darksky.ch\/dss\/fr\/wp-json\/wp\/v2\/posts\/11156","targetHints":{"allow":["GET"]}}],"collection":[{"href":"https:\/\/www.darksky.ch\/dss\/fr\/wp-json\/wp\/v2\/posts"}],"about":[{"href":"https:\/\/www.darksky.ch\/dss\/fr\/wp-json\/wp\/v2\/types\/post"}],"author":[{"embeddable":true,"href":"https:\/\/www.darksky.ch\/dss\/fr\/wp-json\/wp\/v2\/users\/2"}],"replies":[{"embeddable":true,"href":"https:\/\/www.darksky.ch\/dss\/fr\/wp-json\/wp\/v2\/comments?post=11156"}],"version-history":[{"count":3,"href":"https:\/\/www.darksky.ch\/dss\/fr\/wp-json\/wp\/v2\/posts\/11156\/revisions"}],"predecessor-version":[{"id":15890,"href":"https:\/\/www.darksky.ch\/dss\/fr\/wp-json\/wp\/v2\/posts\/11156\/revisions\/15890"}],"wp:attachment":[{"href":"https:\/\/www.darksky.ch\/dss\/fr\/wp-json\/wp\/v2\/media?parent=11156"}],"wp:term":[{"taxonomy":"category","embeddable":true,"href":"https:\/\/www.darksky.ch\/dss\/fr\/wp-json\/wp\/v2\/categories?post=11156"},{"taxonomy":"post_tag","embeddable":true,"href":"https:\/\/www.darksky.ch\/dss\/fr\/wp-json\/wp\/v2\/tags?post=11156"}],"curies":[{"name":"wp","href":"https:\/\/api.w.org\/{rel}","templated":true}]}}