

{"id":11519,"date":"2019-11-20T18:23:47","date_gmt":"2019-11-20T17:23:47","guid":{"rendered":"http:\/\/www.darksky.ch\/dsx\/?p=11519"},"modified":"2025-05-29T16:12:51","modified_gmt":"2025-05-29T14:12:51","slug":"revue-suisse-pour-voir-scintiller-les-etoiles-il-faut-eteindre-la-lumiere","status":"publish","type":"post","link":"https:\/\/www.darksky.ch\/dss\/fr\/2019\/11\/revue-suisse-pour-voir-scintiller-les-etoiles-il-faut-eteindre-la-lumiere\/","title":{"rendered":"Revue Suisse \u2013 Pour voir scintiller les \u00e9toiles, il faut \u00e9teindre la lumi\u00e8re"},"content":{"rendered":"<p>Le premier parc aux \u00e9toiles de Suisse est n\u00e9, un territoire o\u00f9 l\u2019on prend grand soin de l\u2019obscurit\u00e9 nocturne. Il s\u2019agit de bien plus que d\u2019un projet romantique.<\/p>\n<p>\u00bb <a href=\"https:\/\/www.swissinfo.ch\/fre\/sci-tech\/pollution-lumineuse_pour-voir-scintiller-les-%c3%a9toiles-il-faut-%c3%a9teindre-la-lumi%c3%a8re\/45415296\" target=\"_blank\" rel=\"noopener noreferrer\">Pour voir scintiller les \u00e9toiles, il faut \u00e9teindre la lumi\u00e8re<\/a>\u00a0(online)<\/p>\n<div class=\"page\" title=\"Page 1\">\n<div class=\"section\">\n<div class=\"layoutArea\">\n<div class=\"column\">\n<p>\u00bb <a href=\"http:\/\/www.darksky.ch\/dss\/wp-content\/uploads\/2019\/11\/2019.11_SRV_1906_FR_parcetoiles.pdf\" target=\"_blank\" rel=\"noopener noreferrer\">Pour voir scintiller les \u00e9toiles, il faut \u00e9teindre la lumi\u00e8re<\/a> (pdf)<\/p>\n<p>&nbsp;<\/p>\n<\/div>\n<\/div>\n<\/div>\n<\/div>\n","protected":false},"excerpt":{"rendered":"<p>Le premier parc aux \u00e9toiles de Suisse est n\u00e9, un territoire o\u00f9 l\u2019on prend grand soin de l\u2019obscurit\u00e9 nocturne. Il s\u2019agit de bien plus que d\u2019un projet romantique. \u00bb Pour voir scintiller les \u00e9toiles, il faut \u00e9teindre la lumi\u00e8re\u00a0(online) \u00bb Pour voir scintiller les \u00e9toiles, il faut \u00e9teindre la lumi\u00e8re (pdf) &nbsp;<\/p>\n","protected":false},"author":2,"featured_media":0,"comment_status":"closed","ping_status":"closed","sticky":false,"template":"","format":"standard","meta":{"_acf_changed":false,"footnotes":""},"categories":[31,72,39],"tags":[],"class_list":["post-11519","post","type-post","status-publish","format-standard","hentry","category-a-savoir","category-interview-avec-darksky-switzerland","category-news-et-medias"],"acf":[],"_links":{"self":[{"href":"https:\/\/www.darksky.ch\/dss\/fr\/wp-json\/wp\/v2\/posts\/11519","targetHints":{"allow":["GET"]}}],"collection":[{"href":"https:\/\/www.darksky.ch\/dss\/fr\/wp-json\/wp\/v2\/posts"}],"about":[{"href":"https:\/\/www.darksky.ch\/dss\/fr\/wp-json\/wp\/v2\/types\/post"}],"author":[{"embeddable":true,"href":"https:\/\/www.darksky.ch\/dss\/fr\/wp-json\/wp\/v2\/users\/2"}],"replies":[{"embeddable":true,"href":"https:\/\/www.darksky.ch\/dss\/fr\/wp-json\/wp\/v2\/comments?post=11519"}],"version-history":[{"count":4,"href":"https:\/\/www.darksky.ch\/dss\/fr\/wp-json\/wp\/v2\/posts\/11519\/revisions"}],"predecessor-version":[{"id":15883,"href":"https:\/\/www.darksky.ch\/dss\/fr\/wp-json\/wp\/v2\/posts\/11519\/revisions\/15883"}],"wp:attachment":[{"href":"https:\/\/www.darksky.ch\/dss\/fr\/wp-json\/wp\/v2\/media?parent=11519"}],"wp:term":[{"taxonomy":"category","embeddable":true,"href":"https:\/\/www.darksky.ch\/dss\/fr\/wp-json\/wp\/v2\/categories?post=11519"},{"taxonomy":"post_tag","embeddable":true,"href":"https:\/\/www.darksky.ch\/dss\/fr\/wp-json\/wp\/v2\/tags?post=11519"}],"curies":[{"name":"wp","href":"https:\/\/api.w.org\/{rel}","templated":true}]}}