

{"id":13795,"date":"2022-05-11T08:59:55","date_gmt":"2022-05-11T06:59:55","guid":{"rendered":"https:\/\/www.darksky.ch\/dsx\/?p=13795"},"modified":"2022-07-04T18:42:53","modified_gmt":"2022-07-04T16:42:53","slug":"neuchatel-coupera-leclairage-la-nuit","status":"publish","type":"post","link":"https:\/\/www.darksky.ch\/dss\/fr\/2022\/05\/neuchatel-coupera-leclairage-la-nuit\/","title":{"rendered":"Neuch\u00e2tel coupera l\u2019\u00e9clairage la nuit"},"content":{"rendered":"<p>Le conseil g\u00e9n\u00e9ral de la ville de Neuch\u00e2tel a approuv\u00e9 un plan d\u2019extinction de l\u2019\u00e9clairage public sur le territoire communal entre 1h et 5h du matin. Le centre-ville et certains axes de grande fr\u00e9quentation feront exception, mais des \u00e9clairages dynamiques avec d\u00e9tection de pr\u00e9sence y seront envisag\u00e9s pour r\u00e9duire au maximum la lumi\u00e8re partout o\u00f9 elle n\u2019est pas n\u00e9cessaire. A noter que la question de l\u2019\u00e9clairage des passages pi\u00e9tons, v\u00e9ritable serpent de mer dans les cantons de Vaud et Neuch\u00e2tel, sera abord\u00e9 avec flexibilit\u00e9 et cr\u00e9ativit\u00e9, avec une pes\u00e9e des int\u00e9r\u00eat au cas par cas.<\/p>\n<p>Cette nouvelle est tr\u00e8s r\u00e9jouissante compte tenu de l\u2019aspect urbain du projet et du grand nombre d\u2019habitant\u00b7es qui profiteront de ces mesures. Les communes du canton de Neuch\u00e2tel confirment ainsi leur r\u00f4le pionnier dans l\u2019extinction nocturne de l\u2019\u00e9clairage public.<\/p>\n<p>Avec Yverdon-les-Bains et son ambitieux \u00e9clairage dynamique et bient\u00f4t Neuch\u00e2tel et son extinction pragmatique, les villes romandes disposeront d\u2019excellents exemples alliant confort des habitant\u00b7es, m\u00e9nagement de la biodiversit\u00e9 et utilisation rationnelle des ressources publiques. En 2022, il n\u2019y a plus d\u2019excuses pour maintenir le statu-quo de la pollution lumineuse, m\u00eame en ville.<\/p>\n<div class=\"entry-content\">\n<p><a href=\"https:\/\/www.rtn.ch\/rtn\/Actualite\/Region\/20220510-Neuchatel-et-la-lumiere-fut-moindre.html\">Lien<\/a><\/p>\n<\/div>\n","protected":false},"excerpt":{"rendered":"<p>Le conseil g\u00e9n\u00e9ral de la ville de Neuch\u00e2tel a approuv\u00e9 un plan d\u2019extinction de l\u2019\u00e9clairage public sur le territoire communal entre 1h et 5h du matin. Le centre-ville et certains axes de grande fr\u00e9quentation feront exception, mais des \u00e9clairages dynamiques avec d\u00e9tection de pr\u00e9sence y seront envisag\u00e9s pour r\u00e9duire au maximum la lumi\u00e8re partout o\u00f9 &hellip; <a href=\"https:\/\/www.darksky.ch\/dss\/fr\/2022\/05\/neuchatel-coupera-leclairage-la-nuit\/\" class=\"more-link\">Continue reading<span class=\"screen-reader-text\"> &#8220;Neuch\u00e2tel coupera l\u2019\u00e9clairage la nuit&#8221;<\/span><\/a><\/p>\n","protected":false},"author":12,"featured_media":0,"comment_status":"closed","ping_status":"open","sticky":false,"template":"","format":"standard","meta":{"_acf_changed":false,"footnotes":""},"categories":[31],"tags":[],"class_list":["post-13795","post","type-post","status-publish","format-standard","hentry","category-a-savoir"],"acf":[],"_links":{"self":[{"href":"https:\/\/www.darksky.ch\/dss\/fr\/wp-json\/wp\/v2\/posts\/13795","targetHints":{"allow":["GET"]}}],"collection":[{"href":"https:\/\/www.darksky.ch\/dss\/fr\/wp-json\/wp\/v2\/posts"}],"about":[{"href":"https:\/\/www.darksky.ch\/dss\/fr\/wp-json\/wp\/v2\/types\/post"}],"author":[{"embeddable":true,"href":"https:\/\/www.darksky.ch\/dss\/fr\/wp-json\/wp\/v2\/users\/12"}],"replies":[{"embeddable":true,"href":"https:\/\/www.darksky.ch\/dss\/fr\/wp-json\/wp\/v2\/comments?post=13795"}],"version-history":[{"count":1,"href":"https:\/\/www.darksky.ch\/dss\/fr\/wp-json\/wp\/v2\/posts\/13795\/revisions"}],"predecessor-version":[{"id":13796,"href":"https:\/\/www.darksky.ch\/dss\/fr\/wp-json\/wp\/v2\/posts\/13795\/revisions\/13796"}],"wp:attachment":[{"href":"https:\/\/www.darksky.ch\/dss\/fr\/wp-json\/wp\/v2\/media?parent=13795"}],"wp:term":[{"taxonomy":"category","embeddable":true,"href":"https:\/\/www.darksky.ch\/dss\/fr\/wp-json\/wp\/v2\/categories?post=13795"},{"taxonomy":"post_tag","embeddable":true,"href":"https:\/\/www.darksky.ch\/dss\/fr\/wp-json\/wp\/v2\/tags?post=13795"}],"curies":[{"name":"wp","href":"https:\/\/api.w.org\/{rel}","templated":true}]}}