

{"id":14121,"date":"2024-04-17T19:36:47","date_gmt":"2024-04-17T17:36:47","guid":{"rendered":"https:\/\/www.darksky.ch\/dsx\/?p=14121"},"modified":"2024-12-04T11:53:05","modified_gmt":"2024-12-04T10:53:05","slug":"invitation-a-lassemblee-generale-2024","status":"publish","type":"post","link":"https:\/\/www.darksky.ch\/dss\/fr\/2024\/04\/invitation-a-lassemblee-generale-2024\/","title":{"rendered":"Invitation \u00e0 l&#8217;assembl\u00e9e g\u00e9n\u00e9rale 2024"},"content":{"rendered":"<p>Nous vous convions pour l&#8217;assembl\u00e9e g\u00e9n\u00e9rale de notre associaiton, qui aura lieu le 18 avril \u00e0 19 heures \u00e0 Olten, au cin\u00e9ma Capitol (<a href=\"https:\/\/map.search.ch\/olten\/ringstrasse-9\" target=\"_blank\" rel=\"noopener\">Ringstrasse 9, 4600 Olten<\/a>). Pour vous y rendre depuis la gare, traversez le pont et continuez tout droit. Apr\u00e8s 200 m\u00e8tres, le cinema est \u00e0 votre \u00e0 gauche.<\/p>\n<p>A la suite de l&#8217;assembl\u00e9e mais avant l&#8217;ap\u00e9ritif, nous projetterons le documentaire \u00ab Die dunkle Seite der hellen<br \/>\nN\u00e4chte \u00bb (en allemand (Licht aus))<\/p>\n<p><strong>Les points de l&#8217;ordre du jour<\/strong><\/p>\n<ol>\n<li>Mot de bienvenue<\/li>\n<li>\u00c9lection des scrutateurs<\/li>\n<li>Acceptation du proc\u00e8s-verbal de l&#8217;assembl\u00e9e g\u00e9n\u00e9rale du 26 avril 2023<\/li>\n<li>Comptes annuels 2023 et rapport des r\u00e9viseurs des comptes<\/li>\n<li>Budget 2024<\/li>\n<li>Rapport annuel du pr\u00e9sident et du comit\u00e9 directeur<\/li>\n<li>D\u00e9charge du comit\u00e9 directeur<\/li>\n<li>Confirmation du comit\u00e9 directeur<\/li>\n<li>Confirmation du premier r\u00e9viseur (Jean-Marie Wittwer)<\/li>\n<li>D\u00e9mission de Liliana Sch\u00f6nberger et \u00e9lection au comit\u00e9 de Philippa Golling<\/li>\n<li>Propositions des membres<\/li>\n<li>Perspectives annuelles<\/li>\n<li>Divers<\/li>\n<\/ol>\n<p>&nbsp;<\/p>\n","protected":false},"excerpt":{"rendered":"<p>Nous vous convions pour l&#8217;assembl\u00e9e g\u00e9n\u00e9rale de notre associaiton, qui aura lieu le 18 avril \u00e0 19 heures \u00e0 Olten, au cin\u00e9ma Capitol (Ringstrasse 9, 4600 Olten). Pour vous y rendre depuis la gare, traversez le pont et continuez tout droit. Apr\u00e8s 200 m\u00e8tres, le cinema est \u00e0 votre \u00e0 gauche. A la suite de &hellip; <a href=\"https:\/\/www.darksky.ch\/dss\/fr\/2024\/04\/invitation-a-lassemblee-generale-2024\/\" class=\"more-link\">Continue reading<span class=\"screen-reader-text\"> &#8220;Invitation \u00e0 l&#8217;assembl\u00e9e g\u00e9n\u00e9rale 2024&#8221;<\/span><\/a><\/p>\n","protected":false},"author":2,"featured_media":0,"comment_status":"closed","ping_status":"closed","sticky":false,"template":"","format":"standard","meta":{"_acf_changed":false,"footnotes":""},"categories":[33,20],"tags":[],"class_list":["post-14121","post","type-post","status-publish","format-standard","hentry","category-assemblee-de-membres","category-darksky_switzerland-fr"],"acf":[],"_links":{"self":[{"href":"https:\/\/www.darksky.ch\/dss\/fr\/wp-json\/wp\/v2\/posts\/14121","targetHints":{"allow":["GET"]}}],"collection":[{"href":"https:\/\/www.darksky.ch\/dss\/fr\/wp-json\/wp\/v2\/posts"}],"about":[{"href":"https:\/\/www.darksky.ch\/dss\/fr\/wp-json\/wp\/v2\/types\/post"}],"author":[{"embeddable":true,"href":"https:\/\/www.darksky.ch\/dss\/fr\/wp-json\/wp\/v2\/users\/2"}],"replies":[{"embeddable":true,"href":"https:\/\/www.darksky.ch\/dss\/fr\/wp-json\/wp\/v2\/comments?post=14121"}],"version-history":[{"count":1,"href":"https:\/\/www.darksky.ch\/dss\/fr\/wp-json\/wp\/v2\/posts\/14121\/revisions"}],"predecessor-version":[{"id":14122,"href":"https:\/\/www.darksky.ch\/dss\/fr\/wp-json\/wp\/v2\/posts\/14121\/revisions\/14122"}],"wp:attachment":[{"href":"https:\/\/www.darksky.ch\/dss\/fr\/wp-json\/wp\/v2\/media?parent=14121"}],"wp:term":[{"taxonomy":"category","embeddable":true,"href":"https:\/\/www.darksky.ch\/dss\/fr\/wp-json\/wp\/v2\/categories?post=14121"},{"taxonomy":"post_tag","embeddable":true,"href":"https:\/\/www.darksky.ch\/dss\/fr\/wp-json\/wp\/v2\/tags?post=14121"}],"curies":[{"name":"wp","href":"https:\/\/api.w.org\/{rel}","templated":true}]}}