

{"id":16772,"date":"2026-09-01T13:59:34","date_gmt":"2026-09-01T11:59:34","guid":{"rendered":"https:\/\/www.darksky.ch\/dss\/?p=16772"},"modified":"2026-09-01T14:17:55","modified_gmt":"2026-09-01T12:17:55","slug":"visite-au-swiss-space-museum-de-regensdorf-le-24-septembre-2026","status":"publish","type":"post","link":"https:\/\/www.darksky.ch\/dss\/fr\/2026\/09\/visite-au-swiss-space-museum-de-regensdorf-le-24-septembre-2026\/","title":{"rendered":"Visite au Swiss Space Museum de Regensdorf le 24 septembre 2026"},"content":{"rendered":"\r\n\r\n\r\n<p>En <strong>train<\/strong>: jusqu&#8217;\u00e0 Regensdorf-Watt, \u00e0 pieds jusqu&#8217;au 101 de la Trockenloostrasse (ca. 15 min)\u00a0une navette peut \u00eatre mise en place sur demande.<br \/>En <strong>voiture<\/strong>: jusqu&#8217;au 101 de la Trockenloostrasse (non recommand\u00e9, il y a peu de places de stationnement)<\/p>\r\n\r\n\r\n\r\n<p><strong>Programme du Jeudi-soir (Entr\u00e9e 16 francs)<\/strong> <br \/>17.28 Arriv\u00e9e \u00e0 Regensdorf-Watt, ceux qui en besoin d&#8217;une navette<br \/>17.48 heure d&#8217;arriv\u00e9e la plus tardive \u00e0 Regensdorf-Watt pour les pi\u00e9tons (<a href=\"https:\/\/search.ch\/map\/Regensdorf-Watt-Haltestelle..Watt,Ostring..Regensdorf,Trockenloostr.101?pos=678125,254767&amp;zoom=15.47&amp;mode=pedestrian&amp;poi=haltestelle,zug&amp;b=high\" target=\"_blank\" rel=\"noopener\">itin\u00e9raire recommand\u00e9<\/a>) <br \/>d\u00e8s 18.00\u00a0Accueil avec ap\u00e9ritif<br \/>18.40\u00a0Visite guid\u00e9e avec Guido Schwarz, collectionneur et fondateur du Swiss Space Museum<br \/>19.20\u00a0Visite libre de l&#8217;exposition<br \/>20.15 Fin de l&#8217;\u00e9v\u00e9nement<\/p>\r\n\r\n\r\n\r\n<p><span data-condition=\"\u00abSprache\u00bb='de'\">DarkSky et \u00ab <a href=\"https:\/\/plani.ch\/index.php\/foerderverein\" target=\"_blank\" rel=\"noopener\">F\u00f6rderverein Planetarium Z\u00fcrich<\/a> \u00bb organisent ensemble l\u2019excursion au Swiss Space Museum de Regensdorf<\/span>.<\/p>\r\n\n<div class=\"wpcf7 no-js\" id=\"wpcf7-f16761-o1\" lang=\"de-DE\" dir=\"ltr\" data-wpcf7-id=\"16761\">\n<div class=\"screen-reader-response\"><p role=\"status\" aria-live=\"polite\" aria-atomic=\"true\"><\/p> <ul><\/ul><\/div>\n<form action=\"\/dss\/fr\/wp-json\/wp\/v2\/posts\/16772#wpcf7-f16761-o1\" method=\"post\" class=\"wpcf7-form init\" aria-label=\"Kontaktformular\" novalidate=\"novalidate\" data-status=\"init\">\n<fieldset class=\"hidden-fields-container\"><input type=\"hidden\" name=\"_wpcf7\" value=\"16761\" \/><input type=\"hidden\" name=\"_wpcf7_version\" value=\"6.1.5\" \/><input type=\"hidden\" name=\"_wpcf7_locale\" value=\"de_DE\" \/><input type=\"hidden\" name=\"_wpcf7_unit_tag\" value=\"wpcf7-f16761-o1\" \/><input type=\"hidden\" name=\"_wpcf7_container_post\" value=\"0\" \/><input type=\"hidden\" name=\"_wpcf7_posted_data_hash\" value=\"\" \/>\n<\/fieldset>\n<p><span id=\"wpcf7-6a97a3718c9c8-wrapper\" class=\"wpcf7-form-control-wrap website-353-wrap\" style=\"display:none !important; visibility:hidden !important;\"><label for=\"wpcf7-6a97a3718c9c8-field\" class=\"hp-message\">Bitte lasse dieses Feld leer.<\/label><input id=\"wpcf7-6a97a3718c9c8-field\"  class=\"wpcf7-form-control wpcf7-text\" type=\"text\" name=\"website-353\" value=\"\" size=\"40\" tabindex=\"-1\" autocomplete=\"new-password\" \/><\/span>\n<\/p>\n<p><span class=\"wpcf7-form-control-wrap\" data-name=\"number-364\"><input class=\"wpcf7-form-control wpcf7-number wpcf7-validates-as-required wpcf7-validates-as-number\" min=\"1\" max=\"4\" aria-required=\"true\" aria-invalid=\"false\" value=\"0\" type=\"number\" name=\"number-364\" \/><\/span> Personne(s), recommand\u00e9e en transport public (il y a peu de places de stationnement).\n<\/p>\n<p>Arriv\u00e9e<br \/>\n<span class=\"wpcf7-form-control-wrap\" data-name=\"radio-221\"><span class=\"wpcf7-form-control wpcf7-radio\"><span class=\"wpcf7-list-item first\"><label><input type=\"radio\" name=\"radio-221\" value=\"en train\" \/><span class=\"wpcf7-list-item-label\">en train<\/span><\/label><\/span><span class=\"wpcf7-list-item last\"><label><input type=\"radio\" name=\"radio-221\" value=\"en voiture\" \/><span class=\"wpcf7-list-item-label\">en voiture<\/span><\/label><\/span><\/span><\/span>\n<\/p>\n<p>Sur place<br \/>\n<span class=\"wpcf7-form-control-wrap\" data-name=\"radio-222\"><span class=\"wpcf7-form-control wpcf7-radio\"><span class=\"wpcf7-list-item first\"><label><input type=\"radio\" name=\"radio-222\" value=\"je vais \u00e0 pieds\" \/><span class=\"wpcf7-list-item-label\">je vais \u00e0 pieds<\/span><\/label><\/span><span class=\"wpcf7-list-item last\"><label><input type=\"radio\" name=\"radio-222\" value=\"j&#039;ai besoin d&#039;une navette pour aller retour du gare au Space Museum\" \/><span class=\"wpcf7-list-item-label\">j&#039;ai besoin d&#039;une navette pour aller retour du gare au Space Museum<\/span><\/label><\/span><\/span><\/span>\n<\/p>\n<p>Ma pr\u00e9ference pour l'ap\u00e9ritif est<br \/>\n<span class=\"wpcf7-form-control-wrap\" data-name=\"checkbox-223\"><span class=\"wpcf7-form-control wpcf7-checkbox\"><span class=\"wpcf7-list-item first\"><label><input type=\"checkbox\" name=\"checkbox-223[]\" value=\"vegan\" \/><span class=\"wpcf7-list-item-label\">vegan<\/span><\/label><\/span><span class=\"wpcf7-list-item\"><label><input type=\"checkbox\" name=\"checkbox-223[]\" value=\"v\u00e9g\u00e9tarien\" \/><span class=\"wpcf7-list-item-label\">v\u00e9g\u00e9tarien<\/span><\/label><\/span><span class=\"wpcf7-list-item last\"><label><input type=\"checkbox\" name=\"checkbox-223[]\" value=\"viande\" \/><span class=\"wpcf7-list-item-label\">viande<\/span><\/label><\/span><\/span><\/span>\n<\/p>\n<p><label> Pr\u00e9nom<br \/>\n<span class=\"wpcf7-form-control-wrap\" data-name=\"Vorname\"><input size=\"40\" maxlength=\"400\" class=\"wpcf7-form-control wpcf7-text wpcf7-validates-as-required\" aria-required=\"true\" aria-invalid=\"false\" value=\"\" type=\"text\" name=\"Vorname\" \/><\/span> <\/label>\n<\/p>\n<p><label> Nom<br \/>\n<span class=\"wpcf7-form-control-wrap\" data-name=\"Nachname\"><input size=\"40\" maxlength=\"400\" class=\"wpcf7-form-control wpcf7-text wpcf7-validates-as-required\" aria-required=\"true\" aria-invalid=\"false\" value=\"\" type=\"text\" name=\"Nachname\" \/><\/span> <\/label>\n<\/p>\n<p><label> num\u00e9ro de t\u00e9l\u00e9phone<br \/>\n<span class=\"wpcf7-form-control-wrap\" data-name=\"text-775\"><input size=\"40\" maxlength=\"400\" class=\"wpcf7-form-control wpcf7-text wpcf7-validates-as-required\" aria-required=\"true\" aria-invalid=\"false\" value=\"\" type=\"text\" name=\"text-775\" \/><\/span> <\/label>\n<\/p>\n<p><label> e-Mail pour contact<br \/>\n<span class=\"wpcf7-form-control-wrap\" data-name=\"email-910\"><input size=\"40\" maxlength=\"400\" class=\"wpcf7-form-control wpcf7-email wpcf7-validates-as-required wpcf7-text wpcf7-validates-as-email\" aria-required=\"true\" aria-invalid=\"false\" value=\"\" type=\"email\" name=\"email-910\" \/><\/span> <\/label>\n<\/p>\n<p><input class=\"wpcf7-form-control wpcf7-submit has-spinner\" type=\"submit\" value=\"Envoyer\" \/>\n<\/p><div class=\"wpcf7-response-output\" aria-hidden=\"true\"><\/div>\n<\/form>\n<\/div>\n\r\n<p>&nbsp;<\/p>\r\n","protected":false},"excerpt":{"rendered":"<p>En train: jusqu&#8217;\u00e0 Regensdorf-Watt, \u00e0 pieds jusqu&#8217;au 101 de la Trockenloostrasse (ca. 15 min)\u00a0une navette peut \u00eatre mise en place sur demande.En voiture: jusqu&#8217;au 101 de la Trockenloostrasse (non recommand\u00e9, il y a peu de places de stationnement) Programme du Jeudi-soir (Entr\u00e9e 16 francs) 17.28 Arriv\u00e9e \u00e0 Regensdorf-Watt, ceux qui en besoin d&#8217;une navette17.48 heure &hellip; <a href=\"https:\/\/www.darksky.ch\/dss\/fr\/2026\/09\/visite-au-swiss-space-museum-de-regensdorf-le-24-septembre-2026\/\" class=\"more-link\">Continue reading<span class=\"screen-reader-text\"> &#8220;Visite au Swiss Space Museum de Regensdorf le 24 septembre 2026&#8221;<\/span><\/a><\/p>\n","protected":false},"author":2,"featured_media":16766,"comment_status":"closed","ping_status":"open","sticky":false,"template":"","format":"standard","meta":{"_acf_changed":false,"footnotes":""},"categories":[33,20,19],"tags":[],"class_list":["post-16772","post","type-post","status-publish","format-standard","has-post-thumbnail","hentry","category-assemblee-de-membres","category-darksky_switzerland-fr","category-occasions-externes"],"acf":[],"_links":{"self":[{"href":"https:\/\/www.darksky.ch\/dss\/fr\/wp-json\/wp\/v2\/posts\/16772","targetHints":{"allow":["GET"]}}],"collection":[{"href":"https:\/\/www.darksky.ch\/dss\/fr\/wp-json\/wp\/v2\/posts"}],"about":[{"href":"https:\/\/www.darksky.ch\/dss\/fr\/wp-json\/wp\/v2\/types\/post"}],"author":[{"embeddable":true,"href":"https:\/\/www.darksky.ch\/dss\/fr\/wp-json\/wp\/v2\/users\/2"}],"replies":[{"embeddable":true,"href":"https:\/\/www.darksky.ch\/dss\/fr\/wp-json\/wp\/v2\/comments?post=16772"}],"version-history":[{"count":8,"href":"https:\/\/www.darksky.ch\/dss\/fr\/wp-json\/wp\/v2\/posts\/16772\/revisions"}],"predecessor-version":[{"id":16793,"href":"https:\/\/www.darksky.ch\/dss\/fr\/wp-json\/wp\/v2\/posts\/16772\/revisions\/16793"}],"wp:featuredmedia":[{"embeddable":true,"href":"https:\/\/www.darksky.ch\/dss\/fr\/wp-json\/wp\/v2\/media\/16766"}],"wp:attachment":[{"href":"https:\/\/www.darksky.ch\/dss\/fr\/wp-json\/wp\/v2\/media?parent=16772"}],"wp:term":[{"taxonomy":"category","embeddable":true,"href":"https:\/\/www.darksky.ch\/dss\/fr\/wp-json\/wp\/v2\/categories?post=16772"},{"taxonomy":"post_tag","embeddable":true,"href":"https:\/\/www.darksky.ch\/dss\/fr\/wp-json\/wp\/v2\/tags?post=16772"}],"curies":[{"name":"wp","href":"https:\/\/api.w.org\/{rel}","templated":true}]}}