

{"id":10554,"date":"2019-02-27T15:12:51","date_gmt":"2019-02-27T14:12:51","guid":{"rendered":"http:\/\/www.darksky.ch\/dsx\/?p=10554"},"modified":"2019-03-07T10:03:54","modified_gmt":"2019-03-07T09:03:54","slug":"universita-di-berna-illuminazione-artificiale-e-biodiversita-in-svizzera","status":"publish","type":"post","link":"https:\/\/www.darksky.ch\/dss\/it\/2019\/02\/universita-di-berna-illuminazione-artificiale-e-biodiversita-in-svizzera\/","title":{"rendered":"Universit\u00e0 di Berna \u2013 Illuminazione artificiale e Biodiversit\u00e0 in Svizzera"},"content":{"rendered":"<div class=\"page\" title=\"Page 1\">\n<div class=\"layoutArea\">\n<div class=\"column\">\n<p>\u00c8 stato pubblicato il documento &#8220;Artificial lighting and Biodiversity in Switzerland&#8221; (Biodiversit\u00e0 e illuminazione artificiale in Svizzera).<\/p>\n<p>Il documento \u00e8 il risultato del lavoro effettuato dall&#8217;ottobre 2015 alla fine del 2017, dal Dr. James Hale e il Prof. Rapha\u00ebl Arlettaz dell&#8217;Universit\u00e0 di Berna.<\/p>\n<p>Il documento, che getta le basi di ricerca scientifica sull&#8217;impatto ecologico delle emissioni luminose, \u00e8 stato finanziato dall&#8217;Ufficio Federale dell&#8217;Ambiente (UFAM, Danielle Hoffmann)<\/p>\n<p>\u00bb <a href=\"http:\/\/www.darksky.ch\/dss\/wp-content\/uploads\/2019\/02\/Italian-Exec-Summary-Artificial-lighting-and-Biodiversity-V2.pdf\" target=\"_blank\" rel=\"noopener noreferrer\">Sommario esecutivo<\/a> (pdf)<\/p>\n<p>\u00bb <a href=\"http:\/\/www.darksky.ch\/dss\/wp-content\/uploads\/2019\/02\/Artificial-lighting-End-Report-V4.pdf\" target=\"_blank\" rel=\"noopener noreferrer\">Artificial lighting End Report V4<\/a> (pdf)<\/p>\n<p>&nbsp;<\/p>\n<\/div>\n<\/div>\n<\/div>\n","protected":false},"excerpt":{"rendered":"<p>\u00c8 stato pubblicato il documento &#8220;Artificial lighting and Biodiversity in Switzerland&#8221; (Biodiversit\u00e0 e illuminazione artificiale in Svizzera). Il documento \u00e8 il risultato del lavoro effettuato dall&#8217;ottobre 2015 alla fine del 2017, dal Dr. James Hale e il Prof. Rapha\u00ebl Arlettaz dell&#8217;Universit\u00e0 di Berna. Il documento, che getta le basi di ricerca scientifica sull&#8217;impatto ecologico delle &hellip; <a href=\"https:\/\/www.darksky.ch\/dss\/it\/2019\/02\/universita-di-berna-illuminazione-artificiale-e-biodiversita-in-svizzera\/\" class=\"more-link\">Continue reading<span class=\"screen-reader-text\"> &#8220;Universit\u00e0 di Berna \u2013 Illuminazione artificiale e Biodiversit\u00e0 in Svizzera&#8221;<\/span><\/a><\/p>\n","protected":false},"author":10,"featured_media":0,"comment_status":"closed","ping_status":"open","sticky":false,"template":"","format":"standard","meta":{"_acf_changed":false,"footnotes":""},"categories":[28,53],"tags":[],"class_list":["post-10554","post","type-post","status-publish","format-standard","hentry","category-da-sapere","category-tesi"],"acf":[],"_links":{"self":[{"href":"https:\/\/www.darksky.ch\/dss\/it\/wp-json\/wp\/v2\/posts\/10554","targetHints":{"allow":["GET"]}}],"collection":[{"href":"https:\/\/www.darksky.ch\/dss\/it\/wp-json\/wp\/v2\/posts"}],"about":[{"href":"https:\/\/www.darksky.ch\/dss\/it\/wp-json\/wp\/v2\/types\/post"}],"author":[{"embeddable":true,"href":"https:\/\/www.darksky.ch\/dss\/it\/wp-json\/wp\/v2\/users\/10"}],"replies":[{"embeddable":true,"href":"https:\/\/www.darksky.ch\/dss\/it\/wp-json\/wp\/v2\/comments?post=10554"}],"version-history":[{"count":4,"href":"https:\/\/www.darksky.ch\/dss\/it\/wp-json\/wp\/v2\/posts\/10554\/revisions"}],"predecessor-version":[{"id":10571,"href":"https:\/\/www.darksky.ch\/dss\/it\/wp-json\/wp\/v2\/posts\/10554\/revisions\/10571"}],"wp:attachment":[{"href":"https:\/\/www.darksky.ch\/dss\/it\/wp-json\/wp\/v2\/media?parent=10554"}],"wp:term":[{"taxonomy":"category","embeddable":true,"href":"https:\/\/www.darksky.ch\/dss\/it\/wp-json\/wp\/v2\/categories?post=10554"},{"taxonomy":"post_tag","embeddable":true,"href":"https:\/\/www.darksky.ch\/dss\/it\/wp-json\/wp\/v2\/tags?post=10554"}],"curies":[{"name":"wp","href":"https:\/\/api.w.org\/{rel}","templated":true}]}}