

{"id":16757,"date":"2026-08-31T18:07:35","date_gmt":"2026-08-31T16:07:35","guid":{"rendered":"https:\/\/www.darksky.ch\/dss\/?p=16757"},"modified":"2026-08-31T18:07:35","modified_gmt":"2026-08-31T16:07:35","slug":"darksky-switzerland-al-greenday-2026-di-bellinzona","status":"publish","type":"post","link":"https:\/\/www.darksky.ch\/dss\/it\/2026\/08\/darksky-switzerland-al-greenday-2026-di-bellinzona\/","title":{"rendered":"DarkSky Switzerland al Greenday 2026 di Bellinzona"},"content":{"rendered":"<p>Anche quest\u2019anno <b>DarkSky Switzerland partecipa al Greenday di Bellinzona<\/b>, in programma <b>sabato 5 settembre 2026, dalle 9:00 alle 17:00, in Piazza del Sole<\/b>.<\/p>\n<p>Il Greenday \u00e8 ormai un importante appuntamento ticinese dedicato alla sostenibilit\u00e0 e alla natura. L\u2019edizione 2026, coordinata per la prima volta dalla SUPSI, riunir\u00e0 oltre 90 espositori con attivit\u00e0 e proposte rivolte a grandi e piccoli.<\/p>\n<p>DarkSky sar\u00e0 presente per sensibilizzare il pubblico sul tema dell\u2019<b>inquinamento luminoso e sulla necessit\u00e0 di preservare la notte<\/b>.<\/p>\n<p>La luce artificiale utilizzata in modo eccessivo o non appropriato contribuisce a rischiarare il cielo notturno, disturba gli ecosistemi e pu\u00f2 avere effetti anche sulle persone. Molte di queste emissioni possono per\u00f2 essere evitate semplicemente illuminando <b>solo dove serve, nella quantit\u00e0 necessaria e per il tempo necessario<\/b>.<\/p>\n<p>Alla nostra postazione sar\u00e0 possibile osservare una <b>simulazione del cielo stellato<\/b> in tre diverse situazioni: cielo naturale, inquinamento luminoso moderato e ambiente urbano. Sar\u00e0 inoltre l\u2019occasione per discutere insieme delle cause dell\u2019inquinamento luminoso e delle soluzioni concrete per limitarlo.<\/p>\n<p><b>Venite a trovarci e a scoprire quanto pu\u00f2 cambiare il cielo sopra di noi.<\/b><\/p>\n<p>Maggiori informazioni e programma completo sul sito ufficiale del Greenday :\u00a0<a href=\"https:\/\/greenday.supsi.ch\/\">https:\/\/greenday.supsi.ch\/<\/a><\/p>\n","protected":false},"excerpt":{"rendered":"<p>Anche quest\u2019anno DarkSky Switzerland partecipa al Greenday di Bellinzona, in programma sabato 5 settembre 2026, dalle 9:00 alle 17:00, in Piazza del Sole. Il Greenday \u00e8 ormai un importante appuntamento ticinese dedicato alla sostenibilit\u00e0 e alla natura. L\u2019edizione 2026, coordinata per la prima volta dalla SUPSI, riunir\u00e0 oltre 90 espositori con attivit\u00e0 e proposte rivolte &hellip; <a href=\"https:\/\/www.darksky.ch\/dss\/it\/2026\/08\/darksky-switzerland-al-greenday-2026-di-bellinzona\/\" class=\"more-link\">Continue reading<span class=\"screen-reader-text\"> &#8220;DarkSky Switzerland al Greenday 2026 di Bellinzona&#8221;<\/span><\/a><\/p>\n","protected":false},"author":2,"featured_media":16759,"comment_status":"closed","ping_status":"open","sticky":false,"template":"","format":"standard","meta":{"_acf_changed":false,"footnotes":""},"categories":[47,50],"tags":[],"class_list":["post-16757","post","type-post","status-publish","format-standard","has-post-thumbnail","hentry","category-darksky-switzerland","category-eventi-esterni"],"acf":[],"_links":{"self":[{"href":"https:\/\/www.darksky.ch\/dss\/it\/wp-json\/wp\/v2\/posts\/16757","targetHints":{"allow":["GET"]}}],"collection":[{"href":"https:\/\/www.darksky.ch\/dss\/it\/wp-json\/wp\/v2\/posts"}],"about":[{"href":"https:\/\/www.darksky.ch\/dss\/it\/wp-json\/wp\/v2\/types\/post"}],"author":[{"embeddable":true,"href":"https:\/\/www.darksky.ch\/dss\/it\/wp-json\/wp\/v2\/users\/2"}],"replies":[{"embeddable":true,"href":"https:\/\/www.darksky.ch\/dss\/it\/wp-json\/wp\/v2\/comments?post=16757"}],"version-history":[{"count":1,"href":"https:\/\/www.darksky.ch\/dss\/it\/wp-json\/wp\/v2\/posts\/16757\/revisions"}],"predecessor-version":[{"id":16758,"href":"https:\/\/www.darksky.ch\/dss\/it\/wp-json\/wp\/v2\/posts\/16757\/revisions\/16758"}],"wp:featuredmedia":[{"embeddable":true,"href":"https:\/\/www.darksky.ch\/dss\/it\/wp-json\/wp\/v2\/media\/16759"}],"wp:attachment":[{"href":"https:\/\/www.darksky.ch\/dss\/it\/wp-json\/wp\/v2\/media?parent=16757"}],"wp:term":[{"taxonomy":"category","embeddable":true,"href":"https:\/\/www.darksky.ch\/dss\/it\/wp-json\/wp\/v2\/categories?post=16757"},{"taxonomy":"post_tag","embeddable":true,"href":"https:\/\/www.darksky.ch\/dss\/it\/wp-json\/wp\/v2\/tags?post=16757"}],"curies":[{"name":"wp","href":"https:\/\/api.w.org\/{rel}","templated":true}]}}