

{"id":4088,"date":"2008-04-16T08:34:07","date_gmt":"2008-04-16T06:34:07","guid":{"rendered":"http:\/\/www.darksky.ch\/dsx\/it\/?p=4088"},"modified":"2016-10-20T21:25:12","modified_gmt":"2016-10-20T19:25:12","slug":"laregione-coldrerio-dark-sky","status":"publish","type":"post","link":"https:\/\/www.darksky.ch\/dss\/it\/2008\/04\/laregione-coldrerio-dark-sky\/","title":{"rendered":"LaRegione &#8211; Coldrerio Dark-Sky"},"content":{"rendered":"<p><strong>Il Comune membro onorario. Nuovo riconoscimento per Coldrerio e il suo impegno a favore dell\u2019ambiente.<\/strong><\/p>\n<p>Di recente a Oerlikon l\u2019assemblea generale della Dark-Sky Switzerland ha nominato il Comune membro onorario del gruppo che in Ticino (la sede \u00e8 a Camorino) riunisce anche la Societ\u00e0 astronomica cantonale. Le motivazioni sono&#8230; illuminan ti: Coldrerio \u00e8 stato un pioniere in Svizzera nella lotta contro l\u2019in quinamento luminoso, dando l\u2019esempio dentro e fuori i confini cantonali. E l\u2019impegno non si ferma l\u00ec. L\u2019intenzione, come confer ma anche Dark-Sky, \u00e8 quella di progettare il risanamento dell\u2019il luminazione pubblica. Ogni passo avanti, si fa notare, \u00e8 impor tante. In Ticino infatti esistono delle linee guida per la prevenzio ne delle emissioni luminose ( www.ti.ch\/troppaluce) fissate dal Cantone, ma ci\u00f2 non appare ancora sufficiente. Queste indicazio ni, spiega Dark-Sky, sono \u00ab un\u2019ottima piattaforma tecnica e gestio nale per promuovere una luce eco-compatibile e di qualit\u00e0 \u00bb. Sareb be per\u00f2 necessario \u00ab che tutti i Comuni adottino una normativa specifica \u00bb per non penalizzare i pi\u00f9 virtuosi.<\/p>\n<p><a href=\"http:\/\/www.darksky.ch\/dss\/wp-content\/uploads\/2016\/10\/2008-04-16_laRegione_Ticino_Coldrerio.pdf\" target=\"_blank\">2008-04-16 LaRegione Ticino Coldrerio<\/a>\u00a0(pdf)<\/p>\n<p>&nbsp;<\/p>\n","protected":false},"excerpt":{"rendered":"<p>Il Comune membro onorario. Nuovo riconoscimento per Coldrerio e il suo impegno a favore dell\u2019ambiente. Di recente a Oerlikon l\u2019assemblea generale della Dark-Sky Switzerland ha nominato il Comune membro onorario del gruppo che in Ticino (la sede \u00e8 a Camorino) riunisce anche la Societ\u00e0 astronomica cantonale. Le motivazioni sono&#8230; illuminan ti: Coldrerio \u00e8 stato un &hellip; <a href=\"https:\/\/www.darksky.ch\/dss\/it\/2008\/04\/laregione-coldrerio-dark-sky\/\" class=\"more-link\">Continue reading<span class=\"screen-reader-text\"> &#8220;LaRegione &#8211; Coldrerio Dark-Sky&#8221;<\/span><\/a><\/p>\n","protected":false},"author":2,"featured_media":0,"comment_status":"closed","ping_status":"open","sticky":false,"template":"","format":"standard","meta":{"_acf_changed":false,"footnotes":""},"categories":[42,28],"tags":[],"class_list":["post-4088","post","type-post","status-publish","format-standard","hentry","category-cosa-dicono-i-media","category-da-sapere"],"acf":[],"_links":{"self":[{"href":"https:\/\/www.darksky.ch\/dss\/it\/wp-json\/wp\/v2\/posts\/4088","targetHints":{"allow":["GET"]}}],"collection":[{"href":"https:\/\/www.darksky.ch\/dss\/it\/wp-json\/wp\/v2\/posts"}],"about":[{"href":"https:\/\/www.darksky.ch\/dss\/it\/wp-json\/wp\/v2\/types\/post"}],"author":[{"embeddable":true,"href":"https:\/\/www.darksky.ch\/dss\/it\/wp-json\/wp\/v2\/users\/2"}],"replies":[{"embeddable":true,"href":"https:\/\/www.darksky.ch\/dss\/it\/wp-json\/wp\/v2\/comments?post=4088"}],"version-history":[{"count":1,"href":"https:\/\/www.darksky.ch\/dss\/it\/wp-json\/wp\/v2\/posts\/4088\/revisions"}],"predecessor-version":[{"id":4090,"href":"https:\/\/www.darksky.ch\/dss\/it\/wp-json\/wp\/v2\/posts\/4088\/revisions\/4090"}],"wp:attachment":[{"href":"https:\/\/www.darksky.ch\/dss\/it\/wp-json\/wp\/v2\/media?parent=4088"}],"wp:term":[{"taxonomy":"category","embeddable":true,"href":"https:\/\/www.darksky.ch\/dss\/it\/wp-json\/wp\/v2\/categories?post=4088"},{"taxonomy":"post_tag","embeddable":true,"href":"https:\/\/www.darksky.ch\/dss\/it\/wp-json\/wp\/v2\/tags?post=4088"}],"curies":[{"name":"wp","href":"https:\/\/api.w.org\/{rel}","templated":true}]}}