

{"id":8840,"date":"2018-03-18T15:36:31","date_gmt":"2018-03-18T14:36:31","guid":{"rendered":"http:\/\/www.darksky.ch\/dsx\/?p=8840"},"modified":"2018-04-14T22:04:09","modified_gmt":"2018-04-14T20:04:09","slug":"settimana-di-dark-sky-partecipa-anche-tu","status":"publish","type":"post","link":"https:\/\/www.darksky.ch\/dss\/it\/2018\/03\/settimana-di-dark-sky-partecipa-anche-tu\/","title":{"rendered":"Settimana di Dark-Sky: partecipa anche tu.."},"content":{"rendered":"<p>Durante la Settimana di Dark-Sky, dal <strong>15 al 21 aprile 2018<\/strong>, la International Dark-Sky Association (IDA) invita <strong>tutti\u00a0<\/strong> a partecipare al programma di ricerca\u00a0 <strong>Globe at Night<\/strong>.<\/p>\n<p>Globe at Night era gi\u00e0 stato lanciato nel 2009, ma ora vuole raccogliere ancora pi\u00f9 punti dati.\u00a0Attualmente, per il conteggio, si prende come riferimento la costellazione del Leone.<\/p>\n<p><strong>Partecipare \u00e8 veramente semplice, <\/strong>basta utilizzare l&#8217;applicazione web, da cellulare o da computer<b>,\u00a0<\/b>e come vi appare nel cielo la costellazione del Leone.<\/p>\n<p>Maggiori informazioni su:<br \/>\n\u00bb <a href=\"https:\/\/www.globeatnight.org\/it\/webapp\/\" target=\"_blank\" rel=\"noopener\">Globe at Night, Webapp<\/a><\/p>\n<p><em>A proposito: \u00e8 possibile inviare misurazioni durante tutto l&#8217;anno, sarebbe bello se venissero effettuate pi\u00f9 misurazioni rispetto allo scorso anno, pi\u00f9 dati ci sono, pi\u00f9 sono valide le analisi e i confronti.<\/em><\/p>\n<p>Grazie per la partecipazione<\/p>\n","protected":false},"excerpt":{"rendered":"<p>Durante la Settimana di Dark-Sky, dal 15 al 21 aprile 2018, la International Dark-Sky Association (IDA) invita tutti\u00a0 a partecipare al programma di ricerca\u00a0 Globe at Night. Globe at Night era gi\u00e0 stato lanciato nel 2009, ma ora vuole raccogliere ancora pi\u00f9 punti dati.\u00a0Attualmente, per il conteggio, si prende come riferimento la costellazione del Leone. &hellip; <a href=\"https:\/\/www.darksky.ch\/dss\/it\/2018\/03\/settimana-di-dark-sky-partecipa-anche-tu\/\" class=\"more-link\">Continue reading<span class=\"screen-reader-text\"> &#8220;Settimana di Dark-Sky: partecipa anche tu..&#8221;<\/span><\/a><\/p>\n","protected":false},"author":2,"featured_media":0,"comment_status":"closed","ping_status":"open","sticky":false,"template":"","format":"standard","meta":{"_acf_changed":false,"footnotes":""},"categories":[71,28,47,48],"tags":[],"class_list":["post-8840","post","type-post","status-publish","format-standard","hentry","category-autore-di-darksky-switzerland","category-da-sapere","category-darksky-switzerland","category-eventi-soci"],"acf":[],"_links":{"self":[{"href":"https:\/\/www.darksky.ch\/dss\/it\/wp-json\/wp\/v2\/posts\/8840","targetHints":{"allow":["GET"]}}],"collection":[{"href":"https:\/\/www.darksky.ch\/dss\/it\/wp-json\/wp\/v2\/posts"}],"about":[{"href":"https:\/\/www.darksky.ch\/dss\/it\/wp-json\/wp\/v2\/types\/post"}],"author":[{"embeddable":true,"href":"https:\/\/www.darksky.ch\/dss\/it\/wp-json\/wp\/v2\/users\/2"}],"replies":[{"embeddable":true,"href":"https:\/\/www.darksky.ch\/dss\/it\/wp-json\/wp\/v2\/comments?post=8840"}],"version-history":[{"count":14,"href":"https:\/\/www.darksky.ch\/dss\/it\/wp-json\/wp\/v2\/posts\/8840\/revisions"}],"predecessor-version":[{"id":9001,"href":"https:\/\/www.darksky.ch\/dss\/it\/wp-json\/wp\/v2\/posts\/8840\/revisions\/9001"}],"wp:attachment":[{"href":"https:\/\/www.darksky.ch\/dss\/it\/wp-json\/wp\/v2\/media?parent=8840"}],"wp:term":[{"taxonomy":"category","embeddable":true,"href":"https:\/\/www.darksky.ch\/dss\/it\/wp-json\/wp\/v2\/categories?post=8840"},{"taxonomy":"post_tag","embeddable":true,"href":"https:\/\/www.darksky.ch\/dss\/it\/wp-json\/wp\/v2\/tags?post=8840"}],"curies":[{"name":"wp","href":"https:\/\/api.w.org\/{rel}","templated":true}]}}